{"id":9973,"date":"2016-03-09T12:26:25","date_gmt":"2016-03-09T12:26:25","guid":{"rendered":"http:\/\/rurallascolonias.com.ar\/?p=9973"},"modified":"2016-03-09T12:26:25","modified_gmt":"2016-03-09T12:26:25","slug":"la-proxima-semana-comienza-la-31o-campana-contra-la-fiebre-aftosa%e2%80%8f","status":"publish","type":"post","link":"http:\/\/rurallascolonias.com.ar\/?p=9973","title":{"rendered":"La pr\u00f3xima semana comienza la 31\u00ba campa\u00f1a contra la fiebre aftosa\u200f"},"content":{"rendered":"<div class=\"rmTopSpacer rmTop\">\n<div class=\"rmButtons\"><strong><em><a href=\"http:\/\/rurallascolonias.com.ar\/?attachment_id=9974\" rel=\"attachment wp-att-9974\"><img loading=\"lazy\" class=\"aligncenter size-full wp-image-9974\" src=\"http:\/\/rurallascolonias.com.ar\/wp-content\/uploads\/2016\/03\/fiebre-aftosa.jpg\" alt=\"fiebre aftosa\" width=\"259\" height=\"194\" \/><\/a>Dar\u00e1 inicio la 31\u00ba campa\u00f1a contra la fiebre aftosa. La misma comenzar\u00e1 el 14 de marzo de 2016<\/em><\/strong><\/div>\n<\/div>\n<p><!--more--><\/p>\n<div id=\"readMessagePartControl364f\" class=\"c-ReadMessagePart ReadMsgContainer HasLayout ClearBoth HideShadows FullPart NoHistory Read RmIc\" data-link=\"class{:~tag.getHeaderCssClass(IsConversationPart, IsRead, IsDraft, IsTrustedSender, Items.length)}\">\n<div class=\"c-ReadMessagePartBody\" data-link=\"class{getClass:IsBodyExpanded}\">\n<div class=\"readMsgBody\">\n<div id=\"bodyreadMessagePartBodyControl369f\" class=\"ExternalClass MsgBodyContainer\" data-link=\"class{:~tag.cssClasses(PlainText, IsContentFiltered)}\">\n<div dir=\"ltr\">\n<div class=\"ecxWordSection1\">\n<p class=\"ecxMsoNormal\">\n<p class=\"ecxMsoNormal\">Recordamos que se vacunar\u00e1 la totalidad del rodeo bovino y bubalino del departamento y la provincia.<\/p>\n<p class=\"ecxMsoNormal\">Tambi\u00e9n se informa la obligatoriedad de la vacunaci\u00f3n contra carbunclo, con la posibilidad de elegir la fecha de la misma, pero debiendo realizarla dentro del a\u00f1o 2016.<\/p>\n<p class=\"ecxMsoNormal\">El dia\u00a0 11\/03\/16 \u00a0a las 15.00 hs ,se proceder\u00e1 a la entrega de las vacunas a los Veterinarios vacunadores ,en la sede de la Soc.Rural.<\/p>\n<p class=\"ecxMsoNormal\">Fundaci\u00f3n Las Colonias a trav\u00e9s de Sociedad Rural<\/p>\n<\/div>\n<\/div>\n<\/div>\n<\/div>\n<\/div>\n<\/div>\n<p>&nbsp;<\/p>\n","protected":false},"excerpt":{"rendered":"<p>Dar\u00e1 inicio la 31\u00ba campa\u00f1a contra la fiebre aftosa. La misma comenzar\u00e1 el 14 de marzo de 2016<\/p>\n","protected":false},"author":5,"featured_media":0,"comment_status":"open","ping_status":"open","sticky":false,"template":"","format":"standard","meta":[],"categories":[29],"tags":[2674,1421],"_links":{"self":[{"href":"http:\/\/rurallascolonias.com.ar\/index.php?rest_route=\/wp\/v2\/posts\/9973"}],"collection":[{"href":"http:\/\/rurallascolonias.com.ar\/index.php?rest_route=\/wp\/v2\/posts"}],"about":[{"href":"http:\/\/rurallascolonias.com.ar\/index.php?rest_route=\/wp\/v2\/types\/post"}],"author":[{"embeddable":true,"href":"http:\/\/rurallascolonias.com.ar\/index.php?rest_route=\/wp\/v2\/users\/5"}],"replies":[{"embeddable":true,"href":"http:\/\/rurallascolonias.com.ar\/index.php?rest_route=%2Fwp%2Fv2%2Fcomments&post=9973"}],"version-history":[{"count":1,"href":"http:\/\/rurallascolonias.com.ar\/index.php?rest_route=\/wp\/v2\/posts\/9973\/revisions"}],"predecessor-version":[{"id":9975,"href":"http:\/\/rurallascolonias.com.ar\/index.php?rest_route=\/wp\/v2\/posts\/9973\/revisions\/9975"}],"wp:attachment":[{"href":"http:\/\/rurallascolonias.com.ar\/index.php?rest_route=%2Fwp%2Fv2%2Fmedia&parent=9973"}],"wp:term":[{"taxonomy":"category","embeddable":true,"href":"http:\/\/rurallascolonias.com.ar\/index.php?rest_route=%2Fwp%2Fv2%2Fcategories&post=9973"},{"taxonomy":"post_tag","embeddable":true,"href":"http:\/\/rurallascolonias.com.ar\/index.php?rest_route=%2Fwp%2Fv2%2Ftags&post=9973"}],"curies":[{"name":"wp","href":"https:\/\/api.w.org\/{rel}","templated":true}]}}