{"id":9950,"date":"2016-03-08T17:17:54","date_gmt":"2016-03-08T17:17:54","guid":{"rendered":"http:\/\/rurallascolonias.com.ar\/?p=9950"},"modified":"2016-03-08T17:17:54","modified_gmt":"2016-03-08T17:17:54","slug":"michlig-alerta-sobre-mas-cierres-de-tambos-y-despidos-en-las-empresas-lecheras","status":"publish","type":"post","link":"http:\/\/rurallascolonias.com.ar\/?p=9950","title":{"rendered":"Michlig alerta sobre \u201cm\u00e1s cierres de tambos y despidos en las empresas lecheras\u201d"},"content":{"rendered":"<p><strong><em><a href=\"http:\/\/rurallascolonias.com.ar\/?attachment_id=9951\" rel=\"attachment wp-att-9951\"><img loading=\"lazy\" class=\"aligncenter size-full wp-image-9951\" src=\"http:\/\/rurallascolonias.com.ar\/wp-content\/uploads\/2016\/03\/g\u00f3ndola-4.jpg\" alt=\"g\u00f3ndola 4\" width=\"225\" height=\"225\" srcset=\"http:\/\/rurallascolonias.com.ar\/wp-content\/uploads\/2016\/03\/g\u00f3ndola-4.jpg 225w, http:\/\/rurallascolonias.com.ar\/wp-content\/uploads\/2016\/03\/g\u00f3ndola-4-150x150.jpg 150w\" sizes=\"(max-width: 225px) 100vw, 225px\" \/><\/a>Se solicita al Gobierno Nacional la \u201cdeclaraci\u00f3n de emergencia del sector l\u00e1cteo\u201d<\/em><\/strong><!--more--><\/p>\n<p>El senador provincial radical Felipe Michlig (NEO-UCR-FPCS-San Crist\u00f3bal), presidente del Bloque Frente Progresista C\u00edvico y Social de la C\u00e1mara de Senadores de la Provincia de Santa Fe, por intermedio del Proyecto de Comunicaci\u00f3n (Expediente 32374 FPC) de su autor\u00eda; ingresado por mesa de movimiento el pasado jueves 25 de febrero de 2016, que hubiera sido aprobado en la sesi\u00f3n del jueves 3 de marzo de 2016 si no hubiese fracasado la misma por falta de qu\u00f3rum constitucional, y que ser\u00e1 aprobado en la sesi\u00f3n del pr\u00f3ximo jueves 10 de marzo de 2016, por unanimidad y sobre tablas como todos presumen; \u201cver\u00eda con agrado\u201d que el Poder Ejecutivo Provincial, a trav\u00e9s del organismo pertinente, solicite al Poder Ejecutivo Nacional la \u201cdeclaraci\u00f3n de emergencia del sector l\u00e1cteo\u201d, disponiendo medidas conducentes a apoyar a los productores afectados, analizando la cadena de valor con una convocatoria amplia a todos los integrantes de la misma.<\/p>\n<p>Nuestra Provincia posee una de las cuencas lecheras m\u00e1s importantes del pa\u00eds, con una alta capacidad de industrializaci\u00f3n de la producci\u00f3n l\u00e1ctea, en particular en las ciudades de Sunchales, Rafaela, Esperanza y otras de la regi\u00f3n. En el caso del departamento San Crist\u00f3bal, con una alta concentraci\u00f3n en las ciudades de Ceres, San Guillermo y Suardi y, adem\u00e1s, comunas aleda\u00f1as.<\/p>\n<p>La crisis del sector l\u00e1cteo impacta de lleno en la econom\u00eda de la provincia de Santa Fe y, fundamentalmente, en todas las localidades y poblaciones del interior que dependen del sector agr\u00edcola, ganadero y tambero. Como consecuencia del aumento de los costos de producci\u00f3n y la baja en los precios de venta, \u201clos productores y las empresas vienen sufriendo una ecuaci\u00f3n econ\u00f3mica desfavorable\u201d, en raz\u00f3n de que hubo un incremento de los insumos: ma\u00edz, agroqu\u00edmicos y semillas, y, paralelamente, \u201cuna ca\u00edda en el precio interno por los bajos valores internacionales y la sobreoferta local\u201d.<\/p>\n<p>El precio de la leche en polvo en el mercado internacional, durante los \u00faltimos a\u00f1os, fluctu\u00f3 entre 2.500 d\u00f3lares y 5.000 d\u00f3lares por tonelada; pero los productores no pudieron recibir esos valores debido a pol\u00edticas internas que no favorecieron a la exportaci\u00f3n, y que, por el contrario, provocaron una acumulaci\u00f3n de stocks de l\u00e1cteos en el mercado interno que empuj\u00f3 hacia abajo los precios. Si se hubiera aprovechado esa oportunidad de altos precios internacionales, se hubiese aumentado la productividad con la creaci\u00f3n de reservas para momentos adversos como el actual.<\/p>\n<p>Si bien los subsidios dispuestos por el actual Gobierno Nacional, de cuarenta centavos de peso ($ 0.40) por litro de leche hasta una producci\u00f3n de 3.000 litros por tres meses ayudan parcialmente a paliar la situaci\u00f3n, ello es \u201cinsuficiente en orden a la magnitud de la crisis del sector\u201d.<\/p>\n<p>Por ello entendemos que \u201cdebe declararse la emergencia del sector y profundizar las medidas de apoyo coyuntural\u201d; y elaborar una pol\u00edtica estructural para el sector para dar soluci\u00f3n a los problemas de fondo y garantizar la sustentabilidad de la cadena de valor de la lecher\u00eda argentina. Es necesario, en ese sentido, arbitrar pol\u00edticas de Estado para que la sobreoferta de productos terminados en el mercado local, pueda ser colocada en los mercados internaciones y descomprimir as\u00ed la situaci\u00f3n de asfixia existente; fundament\u00f3 el senador provincial radical Felipe Michlig (NEO-UCR-FPCS-San Crist\u00f3bal) el Proyecto de Comunicaci\u00f3n (Expediente 32374 FPC) de su autor\u00eda, ingresado el pasado d\u00eda jueves 25 de febrero de 2016 por mesa de movimiento de la C\u00e1mara de Senadores de la Provincia de Santa Fe, que hubiese sido aprobado en la sesi\u00f3n del jueves 3 de marzo de 2016 si no hubiera fracasado por falta de qu\u00f3rum constitucional y que, como todos presumen, sin admitir prueba parlamentaria en contrario, ser\u00e1 aprobado en la sesi\u00f3n del pr\u00f3ximo jueves 10 de marzo de 2016, por unanimidad y sobre tablas; no sin antes advertir que \u201cen poco tiempo se observar\u00e1n m\u00e1s cierres de tambos y despidos en las empresas l\u00e1cteas\u201d.<br \/>\nhttp:\/\/www.elprotagonistaweb.com.ar<\/p>\n","protected":false},"excerpt":{"rendered":"<p>Se solicita al Gobierno Nacional la \u201cdeclaraci\u00f3n de emergencia del sector l\u00e1cteo\u201d<\/p>\n","protected":false},"author":5,"featured_media":0,"comment_status":"open","ping_status":"open","sticky":false,"template":"","format":"standard","meta":[],"categories":[42],"tags":[138,2656,934,963,2657,2658,406],"_links":{"self":[{"href":"http:\/\/rurallascolonias.com.ar\/index.php?rest_route=\/wp\/v2\/posts\/9950"}],"collection":[{"href":"http:\/\/rurallascolonias.com.ar\/index.php?rest_route=\/wp\/v2\/posts"}],"about":[{"href":"http:\/\/rurallascolonias.com.ar\/index.php?rest_route=\/wp\/v2\/types\/post"}],"author":[{"embeddable":true,"href":"http:\/\/rurallascolonias.com.ar\/index.php?rest_route=\/wp\/v2\/users\/5"}],"replies":[{"embeddable":true,"href":"http:\/\/rurallascolonias.com.ar\/index.php?rest_route=%2Fwp%2Fv2%2Fcomments&post=9950"}],"version-history":[{"count":1,"href":"http:\/\/rurallascolonias.com.ar\/index.php?rest_route=\/wp\/v2\/posts\/9950\/revisions"}],"predecessor-version":[{"id":9952,"href":"http:\/\/rurallascolonias.com.ar\/index.php?rest_route=\/wp\/v2\/posts\/9950\/revisions\/9952"}],"wp:attachment":[{"href":"http:\/\/rurallascolonias.com.ar\/index.php?rest_route=%2Fwp%2Fv2%2Fmedia&parent=9950"}],"wp:term":[{"taxonomy":"category","embeddable":true,"href":"http:\/\/rurallascolonias.com.ar\/index.php?rest_route=%2Fwp%2Fv2%2Fcategories&post=9950"},{"taxonomy":"post_tag","embeddable":true,"href":"http:\/\/rurallascolonias.com.ar\/index.php?rest_route=%2Fwp%2Fv2%2Ftags&post=9950"}],"curies":[{"name":"wp","href":"https:\/\/api.w.org\/{rel}","templated":true}]}}