{"id":9934,"date":"2016-03-07T15:08:54","date_gmt":"2016-03-07T15:08:54","guid":{"rendered":"http:\/\/rurallascolonias.com.ar\/?p=9934"},"modified":"2016-03-07T15:10:58","modified_gmt":"2016-03-07T15:10:58","slug":"tamberos-re-calientes-amenazan-con-cortar-rutas","status":"publish","type":"post","link":"http:\/\/rurallascolonias.com.ar\/?p=9934","title":{"rendered":"Tamberos enojados amenazan con cortar rutas"},"content":{"rendered":"<p><em><strong><a href=\"http:\/\/rurallascolonias.com.ar\/?attachment_id=9884\" rel=\"attachment wp-att-9884\"><img loading=\"lazy\" class=\"alignleft wp-image-9884 size-medium\" src=\"http:\/\/rurallascolonias.com.ar\/wp-content\/uploads\/2016\/02\/muuuu-300x155.jpg\" alt=\"muuuu\" width=\"300\" height=\"155\" srcset=\"http:\/\/rurallascolonias.com.ar\/wp-content\/uploads\/2016\/02\/muuuu-300x155.jpg 300w, http:\/\/rurallascolonias.com.ar\/wp-content\/uploads\/2016\/02\/muuuu-600x310.jpg 600w, http:\/\/rurallascolonias.com.ar\/wp-content\/uploads\/2016\/02\/muuuu-624x323.jpg 624w, http:\/\/rurallascolonias.com.ar\/wp-content\/uploads\/2016\/02\/muuuu.jpg 648w\" sizes=\"(max-width: 300px) 100vw, 300px\" \/><\/a>Lo advierten organizaciones de C\u00f3rdoba, Buenos Aires y Santa Fe, que concentran el 94% de la producci\u00f3n de leche, y piden medidas por la crisis de precios; los tamberos tienen la menor participaci\u00f3n de los \u00faltimos diez a\u00f1os sobre los precios finales al consumidor<\/strong><\/em><!--more--><\/p>\n<p>Primer desaf\u00edo para Macri en el campo: entidades de tamberos amenazan con cortar rutas<\/p>\n<p>Lo advierten organizaciones de C\u00f3rdoba, Buenos Aires y Santa Fe, que concentran el 94% de la producci\u00f3n de leche, y piden medidas por la crisis de precios; los tamberos tienen la menor participaci\u00f3n de los \u00faltimos diez a\u00f1os sobre los precios finales al consumidor.<\/p>\n<p>Al Gobierno del presidente Mauricio Macri le surgi\u00f3 el primer conflicto serio con el campo. Productores tamberos de C\u00f3rdoba, Santa Fe y Buenos Aires, provincias que concentran el 94% de la producci\u00f3n de leche a nivel pa\u00eds, amenazaron con cortar rutas si no hay soluciones \u201curgentes\u201d por la crisis de precios que atraviesan.<\/p>\n<p>Los tamberos ven\u00edan arrastrando una profunda crisis con el gobierno de Cristina Kirchner, con controles en el mercado y cobrando valores que no cubr\u00edan sus costos, y esa situaci\u00f3n se agrav\u00f3 en los \u00faltimos dos meses. Sucede que se les dispararon los costos de varios insumos luego de la devaluaci\u00f3n y la quita de las retenciones al ma\u00edz, un cereal clave en la alimentaci\u00f3n, le sum\u00f3 m\u00e1s presi\u00f3n a n\u00fameros en rojo.<\/p>\n<p>Reunidas en Las Varillas, C\u00f3rdoba, la C\u00e1mara de Productores Lecheros de C\u00f3rdoba, la Mesa de Productores de Leche de Santa Fe, la C\u00e1mara de Productores Lecheros del Oeste de Buenos Aires y la Asociaci\u00f3n Civil Productores Lecheros, Orde\u00f1adores y Tractoristas de la Cuenca Lechera Central (APLA), expresaron en un comunicado que las \u00faltimas medidas econ\u00f3micas tuvieron una \u201cbrutal incidencia negativa\u201d en esta actividad y advirtieron que est\u00e1n dispuestos a hacer protestas en las rutas y ante las industrias del sector si no reciben una ayuda.<\/p>\n<p>\u201cSi no encontramos respuestas urgentes, y se sigue permitiendo la destrucci\u00f3n lisa y llana del sector de la producci\u00f3n, saldremos a defendernos y a defender nuestra actividad donde sea necesario, en las rutas, las plazas, las industrias, los ministerios, las sedes de los gobiernos. Emulando el reclamo de los sojeros de hace unos a\u00f1os, a los que invitaremos a que nos apoyen\u201d, se\u00f1alaron esas entidades.<\/p>\n<p>Por su parte, la Sociedad Rural de Trenque Lauquen, en la cuenca tambera del oeste bonaerense, que denunci\u00f3 que los tamberos all\u00ed cobrar\u00e1n de parte de las industrias un 20% menos que hace un a\u00f1o por la leche de febrero, pidi\u00f3 la realizaci\u00f3n de un \u201cparo nacional lechero\u201d a la Confederaci\u00f3n de Asociaciones Rurales de Buenos Aires y La Pampa (Carbap) y a Confederaciones Rurales Argentinas (CRA). La Rural de Trenque Lauquen quiere que se realice durante este mes. \u201cSe est\u00e1n cerrando tambos y perdiendo empleo\u201d, indic\u00f3. Seg\u00fan los tamberos, hoy pierden entre $ 1 y 1,50 pesos por cada litro producido.<\/p>\n<p>Vale recordar que durante los doce a\u00f1os del kirchnerismo se perdieron m\u00e1s de 5000 tambos, seg\u00fan los dirigentes del campo.<\/p>\n<p>Para intentar descomprimir la crisis, el Gobierno de Macri anunci\u00f3 en enero pasado compensaciones de 40 centavos por litro por los primeros 3000 litros producidos en los tambos. Esas compensaciones se comenzaron a pagar esta semana. Adem\u00e1s, anunci\u00f3 cr\u00e9ditos por m\u00e1s de $ 1000 millones con el aporte de varios bancos provinciales y el Banco Naci\u00f3n.<\/p>\n<p>Conscientes del malestar, los ministros de Producci\u00f3n, Francisco Cabrera, y de Agroindustria, Ricardo Buryaile, recibieron a representantes de las cuatro entidades del campo y prometieron soluciones \u201ca la brevedad\u201d. En rigor, mientras se estudian m\u00e1s medidas el Gobierno buscar\u00e1 sentar en los pr\u00f3ximos d\u00edas en una misma mesa a toda la cadena, incluidos los industriales y los supermercados.<\/p>\n<p>El productor tambero es el \u00fanico sector que no tuvo una recomposici\u00f3n de precios acorde con el nuevo escenario. En realidad, dentro de la cadena l\u00e1ctea hoy tienen la participaci\u00f3n m\u00e1s baja de los \u00faltimos diez a\u00f1os sobre los precios finales en g\u00f3ndola.<\/p>\n<p>Al respecto, de acuerdo a un estudio con informaci\u00f3n desde 2006 de Juan Manuel Garz\u00f3n y Nicol\u00e1s Torre, del Ieral, de la Fundaci\u00f3n Mediterr\u00e1nea, los tamberos tienen la participaci\u00f3n m\u00e1s baja de los \u00faltimos diez a\u00f1os sobre los precios finales que pagan los consumidores.<\/p>\n<p>En rigor, si se consideran todos los precios cobrados por los productores tamberos durante 2015 y los valores mensuales de la integraci\u00f3n l\u00e1ctea, un indicador que toma precios de una canasta de productos al consumidor por litro elaborado, la participaci\u00f3n ascendi\u00f3 el a\u00f1o pasado a 25,3%, la m\u00e1s baja desde 2006.<\/p>\n<p>Las cosas no mejoraron en enero de 2016. En este sentido, el valor para la leche cruda del productor fue de $ 2,71 el litro y el precio de la integraci\u00f3n l\u00e1ctea dio $ 13 por litro elaborado, con lo cual el valor del productor represent\u00f3 s\u00f3lo el 20,8% del valor final. \u201cLa participaci\u00f3n promedio de la leche cruda en el per\u00edodo 2006\/2015 rond\u00f3 el 28,8% y la de enero de 2015 el 28,7%. Lo anterior implica que en enero de 16 qued\u00f3 8 puntos por debajo de la media observada durante los \u00faltimos 10 a\u00f1os y 7,9 puntos por debajo de la participaci\u00f3n de un a\u00f1o atr\u00e1s\u201d, explicaron los especialistas.<br \/>\nFernando Bertello<br \/>\nLA NACION<\/p>\n","protected":false},"excerpt":{"rendered":"<p>Lo advierten organizaciones de C\u00f3rdoba, Buenos Aires y Santa Fe, que concentran el 94% de la producci\u00f3n de leche, y piden medidas por la crisis de precios; los tamberos tienen la menor participaci\u00f3n de los \u00faltimos diez a\u00f1os sobre los precios finales al consumidor<\/p>\n","protected":false},"author":5,"featured_media":0,"comment_status":"open","ping_status":"open","sticky":false,"template":"","format":"standard","meta":[],"categories":[42],"tags":[641,2651,2652,227],"_links":{"self":[{"href":"http:\/\/rurallascolonias.com.ar\/index.php?rest_route=\/wp\/v2\/posts\/9934"}],"collection":[{"href":"http:\/\/rurallascolonias.com.ar\/index.php?rest_route=\/wp\/v2\/posts"}],"about":[{"href":"http:\/\/rurallascolonias.com.ar\/index.php?rest_route=\/wp\/v2\/types\/post"}],"author":[{"embeddable":true,"href":"http:\/\/rurallascolonias.com.ar\/index.php?rest_route=\/wp\/v2\/users\/5"}],"replies":[{"embeddable":true,"href":"http:\/\/rurallascolonias.com.ar\/index.php?rest_route=%2Fwp%2Fv2%2Fcomments&post=9934"}],"version-history":[{"count":3,"href":"http:\/\/rurallascolonias.com.ar\/index.php?rest_route=\/wp\/v2\/posts\/9934\/revisions"}],"predecessor-version":[{"id":9937,"href":"http:\/\/rurallascolonias.com.ar\/index.php?rest_route=\/wp\/v2\/posts\/9934\/revisions\/9937"}],"wp:attachment":[{"href":"http:\/\/rurallascolonias.com.ar\/index.php?rest_route=%2Fwp%2Fv2%2Fmedia&parent=9934"}],"wp:term":[{"taxonomy":"category","embeddable":true,"href":"http:\/\/rurallascolonias.com.ar\/index.php?rest_route=%2Fwp%2Fv2%2Fcategories&post=9934"},{"taxonomy":"post_tag","embeddable":true,"href":"http:\/\/rurallascolonias.com.ar\/index.php?rest_route=%2Fwp%2Fv2%2Ftags&post=9934"}],"curies":[{"name":"wp","href":"https:\/\/api.w.org\/{rel}","templated":true}]}}