{"id":9928,"date":"2016-03-03T01:52:39","date_gmt":"2016-03-03T01:52:39","guid":{"rendered":"http:\/\/rurallascolonias.com.ar\/?p=9928"},"modified":"2016-03-03T01:52:39","modified_gmt":"2016-03-03T01:52:39","slug":"9928","status":"publish","type":"post","link":"http:\/\/rurallascolonias.com.ar\/?p=9928","title":{"rendered":""},"content":{"rendered":"<p><strong>Lecher\u00eda<\/strong>\u00a0<img src=\"https:\/\/fbcdn-sphotos-b-a.akamaihd.net\/hphotos-ak-xlf1\/v\/t1.0-9\/12814096_1141536105856948_444319335401059603_n.jpg?oh=8a7f71d533fcd604abe05d76b4d02d41&amp;oe=5763B93C&amp;__gda__=1469512771_dff1b7de3a0083c708ec50a85ab839c3\" alt=\"\" \/><em><strong>Conferencia de prensa del Ministerio de la Producci\u00f3n de Santa Fe, con la presencia de CARSFe y otras entidades.<\/strong><\/em><!--more-->El referente de CARSFe en lecher\u00eda, <em><strong>Eduardo Garc\u00eda Maritano<\/strong><\/em>, ha sostenido que <strong>\u00bb hay acciones concretas que pueden hacerse desde el Estado para solucionar la crisis lechera que no necesariamente requieren dinero\u00bb<\/strong>, advirtiendo que <strong>\u00aben la lecher\u00eda no hay un mercado institucionalizado que regule y transparente los valores\u00bb<\/strong>, y en ese sentido agreg\u00f3 que <strong>\u00abseguir <\/strong><span class=\"text_exposed_show\"><strong>transaccionando la lecher\u00eda por un contrato de compraventa oral es una locura, es legal pero es una locura\u00bb<\/strong>.<\/span><\/p>\n<div class=\"text_exposed_show\">\n<p>El Ministro <em><strong>Luis Contigiani<\/strong><\/em> por su parte sostuvo que <strong>\u00absi el problema de la lecher\u00eda va a ser solucionado por el mercado, que sea entonces un mercado perfecto\u00bb<\/strong>, agregando que <strong>\u00aben la cadena l\u00e1ctea tenemos margen para crear una nueva lecher\u00eda\u00bb<\/strong>, y resalt\u00f3 que <strong>\u00abSanta Fe es la \u00fanica provincia que tiene definido un standard de leche\u00bb<\/strong>.<\/p>\n<p>Por su parte, <em><strong>Silvana Crocci<\/strong><\/em>, de la Asociaci\u00f3n de Empleados de Comercio, sostuvo que <strong>\u00ablas grandes v\u00edctimas del problema lechero son la producci\u00f3n y los consumidores, y que la rentabilidad en la lecher\u00eda se la quedan las grandes cadenas\u00bb<\/strong>.<\/p>\n<p>El Secretario de Lecher\u00eda <em><strong>Pedro Morini<\/strong><\/em> puso cifras a la discusi\u00f3n: <strong>\u00abestamos discutiendo m\u00e1s de $11 mil millones que es lo que\u00a0est\u00e1\u00a0en juego, estoy convencido de que si trabajamos en\u00a0transparentar la cadena l\u00e1ctea tendremos un panorama m\u00e1s claro y un mejor futuro, ya que hoy no hay variante en la lecher\u00eda que explique que algunos precios suban y los ingresos sigan bajando\u00bb<\/strong><\/p>\n<p>Fuente: CARSFE<\/p>\n<\/div>\n","protected":false},"excerpt":{"rendered":"<p>Lecher\u00eda\u00a0Conferencia de prensa del Ministerio de la Producci\u00f3n de Santa Fe, con la presencia de CARSFe y otras entidades.<\/p>\n","protected":false},"author":5,"featured_media":0,"comment_status":"open","ping_status":"open","sticky":false,"template":"","format":"standard","meta":[],"categories":[2306,46],"tags":[2650,12,883],"_links":{"self":[{"href":"http:\/\/rurallascolonias.com.ar\/index.php?rest_route=\/wp\/v2\/posts\/9928"}],"collection":[{"href":"http:\/\/rurallascolonias.com.ar\/index.php?rest_route=\/wp\/v2\/posts"}],"about":[{"href":"http:\/\/rurallascolonias.com.ar\/index.php?rest_route=\/wp\/v2\/types\/post"}],"author":[{"embeddable":true,"href":"http:\/\/rurallascolonias.com.ar\/index.php?rest_route=\/wp\/v2\/users\/5"}],"replies":[{"embeddable":true,"href":"http:\/\/rurallascolonias.com.ar\/index.php?rest_route=%2Fwp%2Fv2%2Fcomments&post=9928"}],"version-history":[{"count":1,"href":"http:\/\/rurallascolonias.com.ar\/index.php?rest_route=\/wp\/v2\/posts\/9928\/revisions"}],"predecessor-version":[{"id":9929,"href":"http:\/\/rurallascolonias.com.ar\/index.php?rest_route=\/wp\/v2\/posts\/9928\/revisions\/9929"}],"wp:attachment":[{"href":"http:\/\/rurallascolonias.com.ar\/index.php?rest_route=%2Fwp%2Fv2%2Fmedia&parent=9928"}],"wp:term":[{"taxonomy":"category","embeddable":true,"href":"http:\/\/rurallascolonias.com.ar\/index.php?rest_route=%2Fwp%2Fv2%2Fcategories&post=9928"},{"taxonomy":"post_tag","embeddable":true,"href":"http:\/\/rurallascolonias.com.ar\/index.php?rest_route=%2Fwp%2Fv2%2Ftags&post=9928"}],"curies":[{"name":"wp","href":"https:\/\/api.w.org\/{rel}","templated":true}]}}