{"id":9866,"date":"2016-02-26T22:20:31","date_gmt":"2016-02-26T22:20:31","guid":{"rendered":"http:\/\/rurallascolonias.com.ar\/?p=9866"},"modified":"2016-02-26T22:28:16","modified_gmt":"2016-02-26T22:28:16","slug":"propuesta-de-cra-vuelve-a-funcionar-el-consejo-consultivo-del-banco-nacion","status":"publish","type":"post","link":"http:\/\/rurallascolonias.com.ar\/?p=9866","title":{"rendered":"Propuesta de CRA: Vuelve a funcionar el Consejo Consultivo del Banco Naci\u00f3n"},"content":{"rendered":"<p><strong>Actividad Gremial<\/strong><a href=\"http:\/\/rurallascolonias.com.ar\/?attachment_id=9867\" rel=\"attachment wp-att-9867\"><img loading=\"lazy\" class=\"alignleft size-full wp-image-9867\" src=\"http:\/\/rurallascolonias.com.ar\/wp-content\/uploads\/2016\/02\/consejo-BN.jpg\" alt=\"consejo BN\" width=\"615\" height=\"348\" srcset=\"http:\/\/rurallascolonias.com.ar\/wp-content\/uploads\/2016\/02\/consejo-BN.jpg 615w, http:\/\/rurallascolonias.com.ar\/wp-content\/uploads\/2016\/02\/consejo-BN-300x170.jpg 300w, http:\/\/rurallascolonias.com.ar\/wp-content\/uploads\/2016\/02\/consejo-BN-600x340.jpg 600w\" sizes=\"(max-width: 615px) 100vw, 615px\" \/><\/a><\/p>\n<p><a href=\"http:\/\/rurallascolonias.com.ar\/?attachment_id=9867\" rel=\"attachment wp-att-9867\"><strong><em>\u201cEste Consejo nacional tendr\u00e1 su correlato en consejos regionales para que las Confederaciones que conforman CRA puedan discutir los problemas zonales con los distintos directivos del Banco Naci\u00f3n. Esto forma parte de un accionar de pol\u00edtica que estamos trabajando desde la entidad\u201d, sintetiz\u00f3 Chiesa.<\/em><\/strong><br \/>\n<\/a><!--more-->Hoy por la ma\u00f1ana el presidente de Confederaciones Rurales Argentinas, Dardo Chiesa, particip\u00f3 junto a autoridades nacionales como el ministro de Agroindustria, Ricardo Buryaile, y el titular del Banco Naci\u00f3n, Carlos Melconian, de la formaci\u00f3n del Consejo Consultivo del Banco Naci\u00f3n. Este Consejo surge a partir de una propuesta elaborada por CRA hacia las autoridades del Banco Naci\u00f3n, respaldada por el ministro de Agroindustria Ricardo Buryaile.<\/p>\n<p>\u201cEsta propuesta de CRA est\u00e1 enmarcada dentro de un plan integral de CRA que tiene como objetivos crear espacios institucionales de di\u00e1logo entre el \u00e1mbito privado y p\u00fablico. Este es el primer espacio que hemos conseguido. Hoy en el Banco Naci\u00f3n volvi\u00f3 a funcionar tras una propuesta de CRA el Consejo consultivo y la Mesa Agropecuaria\u201d, expres\u00f3 el presidente de CRA, Dardo Chiesa.<\/p>\n<p>\u201cEste Consejo nacional tendr\u00e1 su correlato en consejos regionales para que las Confederaciones que conforman CRA puedan discutir los problemas zonales con los distintos directivos del Banco Naci\u00f3n. Esto forma parte de un accionar de pol\u00edtica que estamos trabajando desde la entidad\u201d, sintetiz\u00f3 Chiesa.<img loading=\"lazy\" id=\"vsmv32247v28\" src=\"http:\/\/www.cra.org.ar\/files\/image\/3\/3140\/56cf622802049_627_418!.jpg\" alt=\"\" width=\"627\" height=\"418\" data-vsmid=\"3140\" data-owidth=\"1024\" data-oheight=\"683\" \/>Fuente: CRA prensa<\/p>\n","protected":false},"excerpt":{"rendered":"<p>Actividad Gremial \u201cEste Consejo nacional tendr\u00e1 su correlato en consejos regionales para que las Confederaciones que conforman CRA puedan discutir los problemas zonales con los distintos directivos del Banco Naci\u00f3n. Esto forma parte de un accionar de pol\u00edtica que estamos trabajando desde la entidad\u201d, sintetiz\u00f3 Chiesa.<\/p>\n","protected":false},"author":5,"featured_media":0,"comment_status":"open","ping_status":"open","sticky":false,"template":"","format":"standard","meta":[],"categories":[2306],"tags":[2642,30,2355],"_links":{"self":[{"href":"http:\/\/rurallascolonias.com.ar\/index.php?rest_route=\/wp\/v2\/posts\/9866"}],"collection":[{"href":"http:\/\/rurallascolonias.com.ar\/index.php?rest_route=\/wp\/v2\/posts"}],"about":[{"href":"http:\/\/rurallascolonias.com.ar\/index.php?rest_route=\/wp\/v2\/types\/post"}],"author":[{"embeddable":true,"href":"http:\/\/rurallascolonias.com.ar\/index.php?rest_route=\/wp\/v2\/users\/5"}],"replies":[{"embeddable":true,"href":"http:\/\/rurallascolonias.com.ar\/index.php?rest_route=%2Fwp%2Fv2%2Fcomments&post=9866"}],"version-history":[{"count":5,"href":"http:\/\/rurallascolonias.com.ar\/index.php?rest_route=\/wp\/v2\/posts\/9866\/revisions"}],"predecessor-version":[{"id":9874,"href":"http:\/\/rurallascolonias.com.ar\/index.php?rest_route=\/wp\/v2\/posts\/9866\/revisions\/9874"}],"wp:attachment":[{"href":"http:\/\/rurallascolonias.com.ar\/index.php?rest_route=%2Fwp%2Fv2%2Fmedia&parent=9866"}],"wp:term":[{"taxonomy":"category","embeddable":true,"href":"http:\/\/rurallascolonias.com.ar\/index.php?rest_route=%2Fwp%2Fv2%2Fcategories&post=9866"},{"taxonomy":"post_tag","embeddable":true,"href":"http:\/\/rurallascolonias.com.ar\/index.php?rest_route=%2Fwp%2Fv2%2Ftags&post=9866"}],"curies":[{"name":"wp","href":"https:\/\/api.w.org\/{rel}","templated":true}]}}