{"id":9863,"date":"2016-02-25T23:55:44","date_gmt":"2016-02-25T23:55:44","guid":{"rendered":"http:\/\/rurallascolonias.com.ar\/?p=9863"},"modified":"2016-02-25T23:55:44","modified_gmt":"2016-02-25T23:55:44","slug":"cra-se-reunio-con-el-gobernador-de-rio-negro-alberto-weretilneck","status":"publish","type":"post","link":"http:\/\/rurallascolonias.com.ar\/?p=9863","title":{"rendered":"CRA se reuni\u00f3 con el gobernador de R\u00edo Negro Alberto Weretilneck"},"content":{"rendered":"<p>Actividad Gremial<a href=\"http:\/\/rurallascolonias.com.ar\/?attachment_id=9864\" rel=\"attachment wp-att-9864\"><img loading=\"lazy\" class=\"alignleft size-full wp-image-9864\" src=\"http:\/\/rurallascolonias.com.ar\/wp-content\/uploads\/2016\/02\/craa.jpg\" alt=\"craa\" width=\"631\" height=\"280\" srcset=\"http:\/\/rurallascolonias.com.ar\/wp-content\/uploads\/2016\/02\/craa.jpg 631w, http:\/\/rurallascolonias.com.ar\/wp-content\/uploads\/2016\/02\/craa-300x133.jpg 300w, http:\/\/rurallascolonias.com.ar\/wp-content\/uploads\/2016\/02\/craa-600x266.jpg 600w, http:\/\/rurallascolonias.com.ar\/wp-content\/uploads\/2016\/02\/craa-624x277.jpg 624w\" sizes=\"(max-width: 631px) 100vw, 631px\" \/><\/a><\/p>\n<p><strong><em>\u201cFue una reuni\u00f3n para acercar posiciones y para tocar todos los temas que preocupan a la productores de la provincia de R\u00edo Negro\u201d, expres\u00f3 Chiesa, titular de CRA.<\/em><\/strong><!--more-->El presidente de CRA, Dardo Chiesa, junto con el titular de la Federaci\u00f3n de Sociedades Rurales de R\u00edo Negro, Marcelo Casagrande, y el dirigente rionegrino Daniel Lavayen, fueron recibidos este jueves por el gobernador de la provincia de R\u00edo Negro Alberto Weretilneck en la Casa de la provincia de R\u00edo Negro en la ciudad de Buenos Aires.<\/p>\n<p>\u201cFue una reuni\u00f3n para acercar posiciones y para tocar todos los temas que preocupan a la productores de la provincia de R\u00edo Negro\u201d, expres\u00f3 el titular de CRA.<\/p>\n<p>En ese mismo sentido Chiesa manifest\u00f3 que \u201ces pol\u00edtica de CRA construir una estrategia de agenda com\u00fan con los gobernadores donde tambi\u00e9n podamos trabajar en espacios e ideas comunes que busquen el consenso con el gobierno nacional\u201d.<\/p>\n<p>Entre los temas desarrollados Casagrande explic\u00f3 que se habl\u00f3 sobre la situaci\u00f3n de la barrera sanitaria patag\u00f3nica en la provincia y la crisis que atraviesan los productores de peras y manzanas, entre otros temas.<\/p>\n<p>\u201cLa alianza con los gobernadores es importante porque se necesitan pol\u00edticas b\u00e1sicas para la convivencia\u201d, dijo Chiesa, quien se\u00f1al\u00f3 que CRA como entidad federal continuar\u00e1 reuni\u00e9ndose con gobernadores para generar espacios institucionales s\u00f3lidos entre el sector p\u00fablico y el privado.<\/p>\n<p>Fuente: InfoCampo<\/p>\n","protected":false},"excerpt":{"rendered":"<p>Actividad Gremial \u201cFue una reuni\u00f3n para acercar posiciones y para tocar todos los temas que preocupan a la productores de la provincia de R\u00edo Negro\u201d, expres\u00f3 Chiesa, titular de CRA.<\/p>\n","protected":false},"author":5,"featured_media":0,"comment_status":"open","ping_status":"open","sticky":false,"template":"","format":"standard","meta":[],"categories":[2306],"tags":[30,2355],"_links":{"self":[{"href":"http:\/\/rurallascolonias.com.ar\/index.php?rest_route=\/wp\/v2\/posts\/9863"}],"collection":[{"href":"http:\/\/rurallascolonias.com.ar\/index.php?rest_route=\/wp\/v2\/posts"}],"about":[{"href":"http:\/\/rurallascolonias.com.ar\/index.php?rest_route=\/wp\/v2\/types\/post"}],"author":[{"embeddable":true,"href":"http:\/\/rurallascolonias.com.ar\/index.php?rest_route=\/wp\/v2\/users\/5"}],"replies":[{"embeddable":true,"href":"http:\/\/rurallascolonias.com.ar\/index.php?rest_route=%2Fwp%2Fv2%2Fcomments&post=9863"}],"version-history":[{"count":1,"href":"http:\/\/rurallascolonias.com.ar\/index.php?rest_route=\/wp\/v2\/posts\/9863\/revisions"}],"predecessor-version":[{"id":9865,"href":"http:\/\/rurallascolonias.com.ar\/index.php?rest_route=\/wp\/v2\/posts\/9863\/revisions\/9865"}],"wp:attachment":[{"href":"http:\/\/rurallascolonias.com.ar\/index.php?rest_route=%2Fwp%2Fv2%2Fmedia&parent=9863"}],"wp:term":[{"taxonomy":"category","embeddable":true,"href":"http:\/\/rurallascolonias.com.ar\/index.php?rest_route=%2Fwp%2Fv2%2Fcategories&post=9863"},{"taxonomy":"post_tag","embeddable":true,"href":"http:\/\/rurallascolonias.com.ar\/index.php?rest_route=%2Fwp%2Fv2%2Ftags&post=9863"}],"curies":[{"name":"wp","href":"https:\/\/api.w.org\/{rel}","templated":true}]}}