{"id":9809,"date":"2016-02-23T10:25:31","date_gmt":"2016-02-23T10:25:31","guid":{"rendered":"http:\/\/rurallascolonias.com.ar\/?p=9809"},"modified":"2016-02-23T17:27:51","modified_gmt":"2016-02-23T17:27:51","slug":"conclusiones-de-la-comision-de-lecheria","status":"publish","type":"post","link":"http:\/\/rurallascolonias.com.ar\/?p=9809","title":{"rendered":"Conclusiones de la Comisi\u00f3n de lecher\u00eda"},"content":{"rendered":"<p><strong><em><a href=\"http:\/\/rurallascolonias.com.ar\/?attachment_id=9810\" rel=\"attachment wp-att-9810\"><img loading=\"lazy\" class=\"aligncenter wp-image-9810 size-medium\" src=\"http:\/\/rurallascolonias.com.ar\/wp-content\/uploads\/2016\/02\/comisi\u00f3n-de-lecheria-300x170.jpg\" alt=\"comisi\u00f3n de lecheria\" width=\"300\" height=\"170\" srcset=\"http:\/\/rurallascolonias.com.ar\/wp-content\/uploads\/2016\/02\/comisi\u00f3n-de-lecheria-300x170.jpg 300w, http:\/\/rurallascolonias.com.ar\/wp-content\/uploads\/2016\/02\/comisi\u00f3n-de-lecheria-600x340.jpg 600w, http:\/\/rurallascolonias.com.ar\/wp-content\/uploads\/2016\/02\/comisi\u00f3n-de-lecheria.jpg 615w\" sizes=\"(max-width: 300px) 100vw, 300px\" \/><\/a>La comisi\u00f3n de trabajo deline\u00f3 las acciones para lograr el desarrollo de los distintos actores de la cadena l\u00e1ctea<\/em><\/strong><!--more--><\/p>\n<p>La comisi\u00f3n de lecher\u00eda de CRA en la reuni\u00f3n mensual de febrero detall\u00f3 el cuadro de situaci\u00f3n de los productores al destacar que \u201cse mantiene la situaci\u00f3n de quebranto del productor, soportando el ajuste y recesi\u00f3n de la cadena. La situaci\u00f3n econ\u00f3mica y financiera del productor se sigue agudizando porque a pesar de la mejora del tipo de cambio, la baja estacional de la materia prima, y el aumento de los precios en g\u00f3ndola y salida de f\u00e1brica nos e ha reflejado en el precio abonado al tambero\u201d.<\/p>\n<p>Al respecto, qued\u00f3 en evidencia que \u201cla problem\u00e1tica de la cadena tiene soluci\u00f3n dentro de la cadena\u201d, insistieron los dirigentes rurales.<\/p>\n<p>Para los productores \u201cla reciente publicaci\u00f3n de la capacidad de pago de la materia prima de los productos l\u00e1cteos puestos en f\u00e1brica, que oficialmente comenz\u00f3 a publicar el Ministerio de la Producci\u00f3n de Santa Fe, muestra sin lugar a dudas, que el productor no est\u00e1 recibiendo lo que el mercado actual le permite\u201d.<\/p>\n<p>Los integrantes de la comisi\u00f3n de lecher\u00eda sostuvieron que \u201cla Subsecretaria de Lecher\u00eda de la Naci\u00f3n, no genera acciones que van en la direcci\u00f3n de la soluci\u00f3n del problema\u201d, y considerar realizar medidas tendientes a:<\/p>\n<p>\u00b7 Transparentar la cadena, al poner en conocimiento de todos los actores, los precios de productos en g\u00f3ndola, en f\u00e1brica y al productor.<\/p>\n<p>\u00b7 Reparto de la renta en cada uno de los eslabones, para mostrar las eficiencias e ineficiencias de los eslabones<\/p>\n<p>\u00b7 Rectificaci\u00f3n de reglamentaciones distorsivas que el Estado mantiene en el tratamiento laboral, sanitario e impositivo de las industrias l\u00e1cteas, que como resultado evitan una competencia equitativa.<\/p>\n<p>\u00b7 Difusi\u00f3n de los stocks en mano de las industrias pendientes de comercializaci\u00f3n para monitorear su evoluci\u00f3n.<\/p>\n<p>\u00b7 Publicar las compras y precios de las licitaciones de productos l\u00e1cteos por parte de las entidades p\u00fablicas que adquieren para acci\u00f3n social y otros destinos, porque generan precios de referencia que ordenan la cadena.<\/p>\n<p>\u00b7 Blanqueo de deudas de las industrias y de la producci\u00f3n para dimensionar su monto y evoluci\u00f3n.<\/p>\n<p>\u00b7 Cumplir con el compromiso de armar un mesa t\u00e9cnica de seguimiento y soluci\u00f3n de los problemas del sector con los integrantes de la cadena<\/p>\n<p>\u00b7 Pronta distribuci\u00f3n del aporte de no reintegrable a la leche y la l\u00ednea de cr\u00e9ditos blandos ofrecida.<\/p>\n<p>Es por ello, que la comisi\u00f3n de lecher\u00eda de CRA subray\u00f3: \u201cNo escatimaremos acciones que lleven a generar la difusi\u00f3n de informaci\u00f3n que de la base para la definici\u00f3n de herramientas que resulten en la construcci\u00f3n de un mercado l\u00e1cteo institucionalizado, para tener reglas de juego en este estrat\u00e9gico sector de las econom\u00edas regionales.<\/p>\n<p><b>Encuentro<\/b><\/p>\n<p>En el marco de la reuni\u00f3n recibieron la visita del economista Javier Gonz\u00e1lez Fraga, al que se le present\u00f3 el plan lechero de CRA.<\/p>\n<p>Gonz\u00e1lez Fraga ofreci\u00f3 un aporte importante y su apoyo para el desarrollo de la tarea.<\/p>\n","protected":false},"excerpt":{"rendered":"<p>La comisi\u00f3n de trabajo deline\u00f3 las acciones para lograr el desarrollo de los distintos actores de la cadena l\u00e1ctea<\/p>\n","protected":false},"author":5,"featured_media":0,"comment_status":"open","ping_status":"open","sticky":false,"template":"","format":"standard","meta":[],"categories":[2306],"tags":[2116,2638],"_links":{"self":[{"href":"http:\/\/rurallascolonias.com.ar\/index.php?rest_route=\/wp\/v2\/posts\/9809"}],"collection":[{"href":"http:\/\/rurallascolonias.com.ar\/index.php?rest_route=\/wp\/v2\/posts"}],"about":[{"href":"http:\/\/rurallascolonias.com.ar\/index.php?rest_route=\/wp\/v2\/types\/post"}],"author":[{"embeddable":true,"href":"http:\/\/rurallascolonias.com.ar\/index.php?rest_route=\/wp\/v2\/users\/5"}],"replies":[{"embeddable":true,"href":"http:\/\/rurallascolonias.com.ar\/index.php?rest_route=%2Fwp%2Fv2%2Fcomments&post=9809"}],"version-history":[{"count":1,"href":"http:\/\/rurallascolonias.com.ar\/index.php?rest_route=\/wp\/v2\/posts\/9809\/revisions"}],"predecessor-version":[{"id":9811,"href":"http:\/\/rurallascolonias.com.ar\/index.php?rest_route=\/wp\/v2\/posts\/9809\/revisions\/9811"}],"wp:attachment":[{"href":"http:\/\/rurallascolonias.com.ar\/index.php?rest_route=%2Fwp%2Fv2%2Fmedia&parent=9809"}],"wp:term":[{"taxonomy":"category","embeddable":true,"href":"http:\/\/rurallascolonias.com.ar\/index.php?rest_route=%2Fwp%2Fv2%2Fcategories&post=9809"},{"taxonomy":"post_tag","embeddable":true,"href":"http:\/\/rurallascolonias.com.ar\/index.php?rest_route=%2Fwp%2Fv2%2Ftags&post=9809"}],"curies":[{"name":"wp","href":"https:\/\/api.w.org\/{rel}","templated":true}]}}