{"id":9803,"date":"2016-02-23T17:09:29","date_gmt":"2016-02-23T17:09:29","guid":{"rendered":"http:\/\/rurallascolonias.com.ar\/?p=9803"},"modified":"2016-02-23T17:09:29","modified_gmt":"2016-02-23T17:09:29","slug":"la-crisis-de-los-tambos-amenaza-la-luna-de-miel-del-gobierno-con-el-campo","status":"publish","type":"post","link":"http:\/\/rurallascolonias.com.ar\/?p=9803","title":{"rendered":"La crisis de los tambos amenaza la luna de miel del Gobierno con el campo"},"content":{"rendered":"<p><strong><em><a href=\"http:\/\/rurallascolonias.com.ar\/?attachment_id=9804\" rel=\"attachment wp-att-9804\"><img loading=\"lazy\" class=\"aligncenter size-full wp-image-9804\" src=\"http:\/\/rurallascolonias.com.ar\/wp-content\/uploads\/2016\/02\/crisis-gobierno-y-campo.jpg\" alt=\"crisis gobierno y campo\" width=\"304\" height=\"166\" srcset=\"http:\/\/rurallascolonias.com.ar\/wp-content\/uploads\/2016\/02\/crisis-gobierno-y-campo.jpg 304w, http:\/\/rurallascolonias.com.ar\/wp-content\/uploads\/2016\/02\/crisis-gobierno-y-campo-300x164.jpg 300w\" sizes=\"(max-width: 304px) 100vw, 304px\" \/><\/a>M\u00e1s de la mitad de los establecimientos podr\u00edan cerrar. Se quejan de falta de respuestas<\/em><\/strong><!--more--><\/p>\n<p>La crisis que atraviesa el sector lechero comenz\u00f3 de a poco a amenazar la luna de miel que est\u00e1 viviendo la dirigencia del campo con el Gobierno nacional luego de las medidas tomadas en los primeros d\u00edas de Mauricio Macri al frente del Ejecutivo.<\/p>\n<p>Es que, en las \u00faltimas asambleas de tamberos que se realizaron en distintos puntos del interior del pa\u00eds, se evidenci\u00f3 un fuerte malestar de los productores por la falta de respuestas concretas a los reclamos del sector por parte de la Casa Rosada.<\/p>\n<p>En un encuentro de tamberos que se llev\u00f3 a cabo el viernes a la noche en la localidad cordobesa de El T\u00edo, m\u00e1s de la mitad de los presentes admitieron que est\u00e1n estudiando la posibilidad de abandonar la actividad sino mejora de manera urgente la situaci\u00f3n.<\/p>\n<p>\u201cNunca se dio que surja una moci\u00f3n de este tipo: m\u00e1s del 50% de los productores levant\u00f3 la mano admitiendo que analizan retirarse del negocio o disminuir su rodeo\u201d, cont\u00f3 el secretario de Coordinaci\u00f3n de Federaci\u00f3n Agraria (FAA), Carlos Baravalle.<\/p>\n<p>\u201cEsto es algo muy duro de digerir; hoy el costo de producci\u00f3n de la leche supera los $ 4 por litro, mientras que las industrias no est\u00e1n pagando $ 2,50, y el consumidor paga m\u00e1s de $ 13\u201d, grafic\u00f3 Baravalle mediante una nota a la que accedi\u00f3 La Pol\u00edtica Online.<\/p>\n<p>En este contexto, d\u00edas atr\u00e1s FAA sali\u00f3 con los tapones de punta por el agravamiento de la crisis lechera en lo que signific\u00f3, quiz\u00e1s, la primera manifestaci\u00f3n p\u00fablica contra el Gobierno. \u201cSi Macri quiere pobreza cero, que evite el cierre de tambos\u201d, apuntaron.<\/p>\n<p>\u201cYa pas\u00f3 m\u00e1s de un mes desde que Macri anunci\u00f3 la compensaci\u00f3n de 40 centavos por litro y todav\u00eda nadie las cobr\u00f3. Cuando se efectivice el pago no va a alcanzar porque el tambo cobra menos que hace dos a\u00f1os con costos mucho mayores\u201d, dispar\u00f3 la entidad.<\/p>\n<p>La cuesti\u00f3n es que en los pr\u00f3ximos d\u00edas la entidad presidida por Omar Pr\u00edncipe presentar\u00e1 al ministro de Agroindustria, Ricardo Buryaile, una serie de propuestas tendientes a aliviar la crisis de los productores.<\/p>\n<p>En el Gobierno, en tanto, son concientes de la magnitud de la crisis tambera. El problema es que buena parte de la suerte del sector est\u00e1 atada a la recuperaci\u00f3n del precio internacional de la leche en polvo que sigue sin repuntar.<\/p>\n<p>En el macrismo esperan que, una vez que el valor aumente, las empresas tengan mayor capacidad de pago y suban los precios pagados a los tamberos. El tema es que en algunos sectores del campo, si bien valoran los gestos, intenciones y las medidas que tom\u00f3 el Gobierno, pretenden que las gestiones se materialicen en el corto plazo para evitar que empeore la situaci\u00f3n.<\/p>\n<p>Para tener una idea, seg\u00fan supo LPO, la crisis del sector es tan grande que el subsecretario de Lecher\u00eda, Alejandro Sammartino, asegur\u00f3 que no est\u00e1 en condiciones de aportar los fondos necesarios para la organizaci\u00f3n de la Conferencia Mundial Holstein 2016 que este a\u00f1o se realiza en Buenos Aires.<\/p>\n<p>Se trata de un simposio de importancia y renombre internacional mediante el cual los productores aprovechan para conocer las \u00faltimas novedades tecnol\u00f3gicas y de manejo con el objetivo de entender hacia d\u00f3nde va la raza Holando y la lecher\u00eda en el mundo.<br \/>\nhttp:\/\/www.lapoliticaonline.com<\/p>\n","protected":false},"excerpt":{"rendered":"<p>M\u00e1s de la mitad de los establecimientos podr\u00edan cerrar. Se quejan de falta de respuestas<\/p>\n","protected":false},"author":5,"featured_media":0,"comment_status":"open","ping_status":"open","sticky":false,"template":"","format":"standard","meta":[],"categories":[46],"tags":[135,95,2636,176],"_links":{"self":[{"href":"http:\/\/rurallascolonias.com.ar\/index.php?rest_route=\/wp\/v2\/posts\/9803"}],"collection":[{"href":"http:\/\/rurallascolonias.com.ar\/index.php?rest_route=\/wp\/v2\/posts"}],"about":[{"href":"http:\/\/rurallascolonias.com.ar\/index.php?rest_route=\/wp\/v2\/types\/post"}],"author":[{"embeddable":true,"href":"http:\/\/rurallascolonias.com.ar\/index.php?rest_route=\/wp\/v2\/users\/5"}],"replies":[{"embeddable":true,"href":"http:\/\/rurallascolonias.com.ar\/index.php?rest_route=%2Fwp%2Fv2%2Fcomments&post=9803"}],"version-history":[{"count":1,"href":"http:\/\/rurallascolonias.com.ar\/index.php?rest_route=\/wp\/v2\/posts\/9803\/revisions"}],"predecessor-version":[{"id":9805,"href":"http:\/\/rurallascolonias.com.ar\/index.php?rest_route=\/wp\/v2\/posts\/9803\/revisions\/9805"}],"wp:attachment":[{"href":"http:\/\/rurallascolonias.com.ar\/index.php?rest_route=%2Fwp%2Fv2%2Fmedia&parent=9803"}],"wp:term":[{"taxonomy":"category","embeddable":true,"href":"http:\/\/rurallascolonias.com.ar\/index.php?rest_route=%2Fwp%2Fv2%2Fcategories&post=9803"},{"taxonomy":"post_tag","embeddable":true,"href":"http:\/\/rurallascolonias.com.ar\/index.php?rest_route=%2Fwp%2Fv2%2Ftags&post=9803"}],"curies":[{"name":"wp","href":"https:\/\/api.w.org\/{rel}","templated":true}]}}