{"id":9726,"date":"2016-02-15T17:24:11","date_gmt":"2016-02-15T17:24:11","guid":{"rendered":"http:\/\/rurallascolonias.com.ar\/?p=9726"},"modified":"2016-02-15T17:24:11","modified_gmt":"2016-02-15T17:24:11","slug":"termino-la-siembra-de-maiz-tardio-en-lotes-de-santa-fe","status":"publish","type":"post","link":"http:\/\/rurallascolonias.com.ar\/?p=9726","title":{"rendered":"Termin\u00f3 la siembra de ma\u00edz tard\u00edo en lotes de Santa Fe"},"content":{"rendered":"<p><strong><em><a href=\"http:\/\/rurallascolonias.com.ar\/?attachment_id=9727\" rel=\"attachment wp-att-9727\"><img loading=\"lazy\" class=\"aligncenter size-full wp-image-9727\" src=\"http:\/\/rurallascolonias.com.ar\/wp-content\/uploads\/2016\/02\/ma\u00edz-tard\u00edo.jpg\" alt=\"ma\u00edz tard\u00edo\" width=\"276\" height=\"183\" \/><\/a>La estimaci\u00f3n de siembra es de 3.100.000 hect\u00e1reas para la campa\u00f1a 2015\/16, una reducci\u00f3n del 9% en comparaci\u00f3n al ciclo previo<\/em><\/strong><!--more--><\/p>\n<p>La Bolsa de Cereales de Buenos Aires dio por finalizada la siembra de ma\u00edz en lotes tard\u00edos, en la zona del Centro-Norte de Santa Fe.<\/p>\n<p>Asegur\u00f3 que \u00abs\u00f3lo restan sembrar lotes tard\u00edos y de segunda ocupaci\u00f3n en las regiones del NOA y NEA\u00bb, lo cual aproxima el final de la implantaci\u00f3n del cereal de la campa\u00f1a 2015-2016.<\/p>\n<p>El informe se\u00f1al\u00f3 que las tareas de siembra contin\u00faan de manera \u00e1gil en el norte del \u00e1rea agr\u00edcola nacional \u00abya transitando los \u00faltimos d\u00edas para la incorporaci\u00f3n de cuadros de ma\u00edz con destino grano comercial\u00bb.<\/p>\n<p>Frente a este panorama, el PAS mantuvo la estimaci\u00f3n de siembra en 3.100.000 hect\u00e1reas para la campa\u00f1a 2015\/16, una reducci\u00f3n del 9% en comparaci\u00f3n al ciclo previo.<\/p>\n<p>Sobre esta estimaci\u00f3n de superficie, el avance de siembra cubri\u00f3 a la fecha el 98,2 % del \u00e1rea, con un retroceso interanual de 0,9 por ciento.<\/p>\n<p>Hacia la regi\u00f3n Centro-Este de Entre R\u00edos, los cuadros tempranos se encuentran en las etapas finales del llenado de granos y en paralelo, se contin\u00faan \u00abrealizando aplicaciones a fin de controlar Spodoptera frugiperda en los cuadros tard\u00edos\u00bb se indic\u00f3.<\/p>\n<p>En tanto, la condici\u00f3n h\u00eddrica de los perfiles es regular, por lo cual se esperan precipitaciones para que los rindes no se vean afectados en la zona.<\/p>\n<p>Sobre la regi\u00f3n del Centro-Norte de Santa Fe se contin\u00faan \u00abcosechando lotes tempranos con muy buenos rindes\u00bb y por otro lado, culmin\u00f3 la siembra de lotes de segunda ocupaci\u00f3n.<\/p>\n","protected":false},"excerpt":{"rendered":"<p>La estimaci\u00f3n de siembra es de 3.100.000 hect\u00e1reas para la campa\u00f1a 2015\/16, una reducci\u00f3n del 9% en comparaci\u00f3n al ciclo previo<\/p>\n","protected":false},"author":5,"featured_media":0,"comment_status":"open","ping_status":"open","sticky":false,"template":"","format":"standard","meta":[],"categories":[18],"tags":[987,119],"_links":{"self":[{"href":"http:\/\/rurallascolonias.com.ar\/index.php?rest_route=\/wp\/v2\/posts\/9726"}],"collection":[{"href":"http:\/\/rurallascolonias.com.ar\/index.php?rest_route=\/wp\/v2\/posts"}],"about":[{"href":"http:\/\/rurallascolonias.com.ar\/index.php?rest_route=\/wp\/v2\/types\/post"}],"author":[{"embeddable":true,"href":"http:\/\/rurallascolonias.com.ar\/index.php?rest_route=\/wp\/v2\/users\/5"}],"replies":[{"embeddable":true,"href":"http:\/\/rurallascolonias.com.ar\/index.php?rest_route=%2Fwp%2Fv2%2Fcomments&post=9726"}],"version-history":[{"count":1,"href":"http:\/\/rurallascolonias.com.ar\/index.php?rest_route=\/wp\/v2\/posts\/9726\/revisions"}],"predecessor-version":[{"id":9728,"href":"http:\/\/rurallascolonias.com.ar\/index.php?rest_route=\/wp\/v2\/posts\/9726\/revisions\/9728"}],"wp:attachment":[{"href":"http:\/\/rurallascolonias.com.ar\/index.php?rest_route=%2Fwp%2Fv2%2Fmedia&parent=9726"}],"wp:term":[{"taxonomy":"category","embeddable":true,"href":"http:\/\/rurallascolonias.com.ar\/index.php?rest_route=%2Fwp%2Fv2%2Fcategories&post=9726"},{"taxonomy":"post_tag","embeddable":true,"href":"http:\/\/rurallascolonias.com.ar\/index.php?rest_route=%2Fwp%2Fv2%2Ftags&post=9726"}],"curies":[{"name":"wp","href":"https:\/\/api.w.org\/{rel}","templated":true}]}}