{"id":9660,"date":"2016-02-10T11:58:52","date_gmt":"2016-02-10T11:58:52","guid":{"rendered":"http:\/\/rurallascolonias.com.ar\/?p=9660"},"modified":"2016-02-10T11:58:52","modified_gmt":"2016-02-10T11:58:52","slug":"vaticinan-bajos-precios-de-los-lacteos","status":"publish","type":"post","link":"http:\/\/rurallascolonias.com.ar\/?p=9660","title":{"rendered":"Vaticinan bajos precios de los l\u00e1cteos"},"content":{"rendered":"<p><em><strong><a href=\"http:\/\/rurallascolonias.com.ar\/?attachment_id=415\" rel=\"attachment wp-att-415\"><img loading=\"lazy\" class=\"aligncenter size-full wp-image-415\" src=\"http:\/\/rurallascolonias.com.ar\/wp-content\/uploads\/2013\/12\/precios-l\u00e1cteos.jpg\" alt=\"precios l\u00e1cteos\" width=\"240\" height=\"200\" \/><\/a>El presidente de Fonterra, John Wilson, dijo que las condiciones econ\u00f3micas globales siguen siendo un reto y est\u00e1n afectando la demanda de una amplia gama de productos, incluyendo los productos l\u00e1cteos<\/strong><\/em><!--more--><\/p>\n<p>\u00abLos factores clave que impulsan la demanda de los productos l\u00e1cteos est\u00e1n bajando; los precios internacionales del petr\u00f3leo, que han debilitado el poder adquisitivo de los pa\u00edses que dependen de los ingresos petroleros, la incertidumbre econ\u00f3mica en las econom\u00edas en desarrollo y una lenta recuperaci\u00f3n de las importaciones de los l\u00e1cteos en China\u00bb, sostuvo, seg\u00fan public\u00f3 el portal especializado Lecher\u00eda Latina.<\/p>\n<p>Adem\u00e1s, la prohibici\u00f3n de Rusia para importar leche de la Uni\u00f3n Europea contin\u00faa empujando m\u00e1s el producto en el mercado mundial. \u00abTodav\u00eda hay un desequilibrio entre la oferta y la demanda que contin\u00faa poniendo presi\u00f3n sobre los precios de la leche a nivel mundial. Desde septiembre del a\u00f1o pasado, los precios en GlobalDairyTrade para la leche entera en polvo (LEP) han ca\u00eddo un 12% y la leche desnatada en polvo (LDP) han bajado un 8%\u00bb, agreg\u00f3.<\/p>\n<p>A pesar de que los agricultores en Nueva Zelanda han respondido a los precios globales m\u00e1s bajos mediante la reducci\u00f3n de la oferta, a\u00fan tiene que suceder en otras regiones, incluyendo Europa, donde los vol\u00famenes de leche han seguido aumentando.<\/p>\n<p>El presidente ejecutivo Theo Spierings dijo, mientras la demanda mundial se mantuvo d\u00e9bil, Fonterra apoy\u00f3 a la opini\u00f3n general para que los precios de los l\u00e1cteos mejoren a finales de 2015. \u00abSin embargo, el plazo para la oferta y la demanda se ha movido m\u00e1s lejos y en gran medida depende de una correcci\u00f3n a la baja en la oferta de la UE en respuesta a los precios globales m\u00e1s bajos\u00bb.<\/p>\n<p>Estos precios bajos son claramente insostenibles para los agricultores a nivel mundial y no pueden continuar en el largo plazo.<\/p>\n<p>\u00abEs importante se\u00f1alar que a pesar de los retos actuales, tenemos confianza que a largo plazo la demanda internacional de productos l\u00e1cteos continuar\u00e1 su expansi\u00f3n debido a la creciente poblaci\u00f3n mundial, el aumento de las clases medias en Asia, la urbanizaci\u00f3n y la demograf\u00eda favorable\u00bb.<\/p>\n<p>\u00c1mbito Financiero<\/p>\n","protected":false},"excerpt":{"rendered":"<p>El presidente de Fonterra, John Wilson, dijo que las condiciones econ\u00f3micas globales siguen siendo un reto y est\u00e1n afectando la demanda de una amplia gama de productos, incluyendo los productos l\u00e1cteos<\/p>\n","protected":false},"author":5,"featured_media":0,"comment_status":"open","ping_status":"open","sticky":false,"template":"","format":"standard","meta":[],"categories":[130],"tags":[2603,9,106,2602],"_links":{"self":[{"href":"http:\/\/rurallascolonias.com.ar\/index.php?rest_route=\/wp\/v2\/posts\/9660"}],"collection":[{"href":"http:\/\/rurallascolonias.com.ar\/index.php?rest_route=\/wp\/v2\/posts"}],"about":[{"href":"http:\/\/rurallascolonias.com.ar\/index.php?rest_route=\/wp\/v2\/types\/post"}],"author":[{"embeddable":true,"href":"http:\/\/rurallascolonias.com.ar\/index.php?rest_route=\/wp\/v2\/users\/5"}],"replies":[{"embeddable":true,"href":"http:\/\/rurallascolonias.com.ar\/index.php?rest_route=%2Fwp%2Fv2%2Fcomments&post=9660"}],"version-history":[{"count":1,"href":"http:\/\/rurallascolonias.com.ar\/index.php?rest_route=\/wp\/v2\/posts\/9660\/revisions"}],"predecessor-version":[{"id":9661,"href":"http:\/\/rurallascolonias.com.ar\/index.php?rest_route=\/wp\/v2\/posts\/9660\/revisions\/9661"}],"wp:attachment":[{"href":"http:\/\/rurallascolonias.com.ar\/index.php?rest_route=%2Fwp%2Fv2%2Fmedia&parent=9660"}],"wp:term":[{"taxonomy":"category","embeddable":true,"href":"http:\/\/rurallascolonias.com.ar\/index.php?rest_route=%2Fwp%2Fv2%2Fcategories&post=9660"},{"taxonomy":"post_tag","embeddable":true,"href":"http:\/\/rurallascolonias.com.ar\/index.php?rest_route=%2Fwp%2Fv2%2Ftags&post=9660"}],"curies":[{"name":"wp","href":"https:\/\/api.w.org\/{rel}","templated":true}]}}