{"id":9642,"date":"2016-02-05T16:54:29","date_gmt":"2016-02-05T16:54:29","guid":{"rendered":"http:\/\/rurallascolonias.com.ar\/?p=9642"},"modified":"2016-02-05T16:54:29","modified_gmt":"2016-02-05T16:54:29","slug":"sanmartino-en-la-sociedad-rural-de-las-colonias","status":"publish","type":"post","link":"http:\/\/rurallascolonias.com.ar\/?p=9642","title":{"rendered":"SANMARTINO EN LA SOCIEDAD RURAL DE LAS COLONIAS"},"content":{"rendered":"<p><strong><em><a href=\"http:\/\/rurallascolonias.com.ar\/?attachment_id=9643\" rel=\"attachment wp-att-9643\"><img loading=\"lazy\" class=\"aligncenter wp-image-9643 size-medium\" src=\"http:\/\/rurallascolonias.com.ar\/wp-content\/uploads\/2016\/02\/DSC04039-300x225.jpg\" alt=\"DSC04039\" width=\"300\" height=\"225\" srcset=\"http:\/\/rurallascolonias.com.ar\/wp-content\/uploads\/2016\/02\/DSC04039-300x225.jpg 300w, http:\/\/rurallascolonias.com.ar\/wp-content\/uploads\/2016\/02\/DSC04039-768x576.jpg 768w, http:\/\/rurallascolonias.com.ar\/wp-content\/uploads\/2016\/02\/DSC04039-1024x768.jpg 1024w, http:\/\/rurallascolonias.com.ar\/wp-content\/uploads\/2016\/02\/DSC04039-600x450.jpg 600w, http:\/\/rurallascolonias.com.ar\/wp-content\/uploads\/2016\/02\/DSC04039-624x468.jpg 624w, http:\/\/rurallascolonias.com.ar\/wp-content\/uploads\/2016\/02\/DSC04039.jpg 2048w\" sizes=\"(max-width: 300px) 100vw, 300px\" \/><\/a>Entre las actividades previstas que tendr\u00e1 en agenda en la jornada de hoy, el\u00a0Subsecretario de Lecher\u00eda Ing. Agr. Alejandro Sammartino -qui\u00e9n estar\u00e1 acompa\u00f1ado por el Secretario de Lecher\u00eda del Ministerio de la Producci\u00f3n de la Provincia de Santa Fe, Pedro Morini- \u00a0una de ellas fue una reuni\u00f3n que mantuvo con el Sector L\u00e1cteo\u00a0\u00a0CIL &#8211; J.I.P.L. &#8211; APyMEL &#8211; Represantes de MNPL &#8211; \u00a0MEPROLSAFE\u00a0 &#8211; CAPROLEC &#8211; \u00a0APLA\u00a0<\/em><\/strong><\/p>\n<p>&nbsp;<\/p>\n","protected":false},"excerpt":{"rendered":"<p>Entre las actividades previstas que tendr\u00e1 en agenda en la jornada de hoy, el\u00a0Subsecretario de Lecher\u00eda Ing. Agr. Alejandro Sammartino -qui\u00e9n estar\u00e1 acompa\u00f1ado por el Secretario de Lecher\u00eda del Ministerio de la Producci\u00f3n de la Provincia de Santa Fe, Pedro Morini- \u00a0una de ellas fue una reuni\u00f3n que mantuvo con el Sector L\u00e1cteo\u00a0\u00a0CIL &#8211; J.I.P.L. [&hellip;]<\/p>\n","protected":false},"author":5,"featured_media":0,"comment_status":"open","ping_status":"open","sticky":false,"template":"","format":"standard","meta":[],"categories":[2306,42],"tags":[708],"_links":{"self":[{"href":"http:\/\/rurallascolonias.com.ar\/index.php?rest_route=\/wp\/v2\/posts\/9642"}],"collection":[{"href":"http:\/\/rurallascolonias.com.ar\/index.php?rest_route=\/wp\/v2\/posts"}],"about":[{"href":"http:\/\/rurallascolonias.com.ar\/index.php?rest_route=\/wp\/v2\/types\/post"}],"author":[{"embeddable":true,"href":"http:\/\/rurallascolonias.com.ar\/index.php?rest_route=\/wp\/v2\/users\/5"}],"replies":[{"embeddable":true,"href":"http:\/\/rurallascolonias.com.ar\/index.php?rest_route=%2Fwp%2Fv2%2Fcomments&post=9642"}],"version-history":[{"count":1,"href":"http:\/\/rurallascolonias.com.ar\/index.php?rest_route=\/wp\/v2\/posts\/9642\/revisions"}],"predecessor-version":[{"id":9644,"href":"http:\/\/rurallascolonias.com.ar\/index.php?rest_route=\/wp\/v2\/posts\/9642\/revisions\/9644"}],"wp:attachment":[{"href":"http:\/\/rurallascolonias.com.ar\/index.php?rest_route=%2Fwp%2Fv2%2Fmedia&parent=9642"}],"wp:term":[{"taxonomy":"category","embeddable":true,"href":"http:\/\/rurallascolonias.com.ar\/index.php?rest_route=%2Fwp%2Fv2%2Fcategories&post=9642"},{"taxonomy":"post_tag","embeddable":true,"href":"http:\/\/rurallascolonias.com.ar\/index.php?rest_route=%2Fwp%2Fv2%2Ftags&post=9642"}],"curies":[{"name":"wp","href":"https:\/\/api.w.org\/{rel}","templated":true}]}}