{"id":9639,"date":"2016-02-05T11:11:43","date_gmt":"2016-02-05T11:11:43","guid":{"rendered":"http:\/\/rurallascolonias.com.ar\/?p=9639"},"modified":"2016-02-05T11:11:43","modified_gmt":"2016-02-05T11:11:43","slug":"hoy-sanmartino-visita-esperanza","status":"publish","type":"post","link":"http:\/\/rurallascolonias.com.ar\/?p=9639","title":{"rendered":"HOY SANMARTINO VISITA ESPERANZA"},"content":{"rendered":"<div class=\"description\"><em><strong><a href=\"http:\/\/rurallascolonias.com.ar\/?attachment_id=9611\" rel=\"attachment wp-att-9611\"><img loading=\"lazy\" class=\"aligncenter size-full wp-image-9611\" src=\"http:\/\/rurallascolonias.com.ar\/wp-content\/uploads\/2016\/02\/SANMARTINO-2.jpg\" alt=\"SANMARTINO 2\" width=\"307\" height=\"164\" srcset=\"http:\/\/rurallascolonias.com.ar\/wp-content\/uploads\/2016\/02\/SANMARTINO-2.jpg 307w, http:\/\/rurallascolonias.com.ar\/wp-content\/uploads\/2016\/02\/SANMARTINO-2-300x160.jpg 300w\" sizes=\"(max-width: 307px) 100vw, 307px\" \/><\/a>El funcionario nacional escuchar\u00e1 de primera mano los reclamos que tiene el sector. Su visita forma parte de una serie de participaciones que viene realizando desde el pasado mi\u00e9rcoles en toda la cuenca lechera<\/strong><\/em><\/div>\n<p><!--more--><\/p>\n<div class=\"authorinfo\"><\/div>\n<div class=\"vsmcontent\">\n<p>Actividades que llevar\u00e1 adelante el Subsecretario de Lecher\u00eda Ing. Agr. Alejandro Sammartino, qui\u00e9n estar\u00e1 acompa\u00f1ado por el Secretario de Lecher\u00eda del Ministerio de la Producci\u00f3n de la Provincia de Santa Fe, Pedro Morini, en la ciudad de Esperanza.<\/p>\n<p><strong>05-02-16 (Viernes)<\/strong><\/p>\n<ul>\n<li>09:00 Reuni\u00f3n Sector L\u00e1cteo\u00a0\u00a0 CIL &#8211; J.I.P.L. &#8211; APyMEL &#8211; Representes de MNPL &#8211; \u00a0MEPROLSAFE\u00a0 &#8211; CAPROLEC &#8211; \u00a0APLA (Se realizar\u00e1 en la sede de Sociedad Rural Las Colonias)<\/li>\n<li>11:00 ALECOL<\/li>\n<li>12:00 Almuerzo<\/li>\n<li>16:30 Reuni\u00f3n con Presidentes de Comuna del Departamento Las Colonias<\/li>\n<li>18:00 Reuni\u00f3n con comisi\u00f3n directiva Sociedad Rural de Las Colonias<\/li>\n<li>20:30 Reuni\u00f3n con Productores &#8211; Invita Subsecretar\u00eda de Lecher\u00eda y Ministerio de la Producci\u00f3n de Santa Fe<\/li>\n<li>21:30 Conferencia de Prensa<\/li>\n<li>22:00 Cena\u00a0 con Empresarios L\u00e1cteos<\/li>\n<\/ul>\n<\/div>\n","protected":false},"excerpt":{"rendered":"<p>El funcionario nacional escuchar\u00e1 de primera mano los reclamos que tiene el sector. Su visita forma parte de una serie de participaciones que viene realizando desde el pasado mi\u00e9rcoles en toda la cuenca lechera<\/p>\n","protected":false},"author":5,"featured_media":0,"comment_status":"open","ping_status":"open","sticky":false,"template":"","format":"standard","meta":[],"categories":[2306,29],"tags":[2470,334],"_links":{"self":[{"href":"http:\/\/rurallascolonias.com.ar\/index.php?rest_route=\/wp\/v2\/posts\/9639"}],"collection":[{"href":"http:\/\/rurallascolonias.com.ar\/index.php?rest_route=\/wp\/v2\/posts"}],"about":[{"href":"http:\/\/rurallascolonias.com.ar\/index.php?rest_route=\/wp\/v2\/types\/post"}],"author":[{"embeddable":true,"href":"http:\/\/rurallascolonias.com.ar\/index.php?rest_route=\/wp\/v2\/users\/5"}],"replies":[{"embeddable":true,"href":"http:\/\/rurallascolonias.com.ar\/index.php?rest_route=%2Fwp%2Fv2%2Fcomments&post=9639"}],"version-history":[{"count":1,"href":"http:\/\/rurallascolonias.com.ar\/index.php?rest_route=\/wp\/v2\/posts\/9639\/revisions"}],"predecessor-version":[{"id":9640,"href":"http:\/\/rurallascolonias.com.ar\/index.php?rest_route=\/wp\/v2\/posts\/9639\/revisions\/9640"}],"wp:attachment":[{"href":"http:\/\/rurallascolonias.com.ar\/index.php?rest_route=%2Fwp%2Fv2%2Fmedia&parent=9639"}],"wp:term":[{"taxonomy":"category","embeddable":true,"href":"http:\/\/rurallascolonias.com.ar\/index.php?rest_route=%2Fwp%2Fv2%2Fcategories&post=9639"},{"taxonomy":"post_tag","embeddable":true,"href":"http:\/\/rurallascolonias.com.ar\/index.php?rest_route=%2Fwp%2Fv2%2Ftags&post=9639"}],"curies":[{"name":"wp","href":"https:\/\/api.w.org\/{rel}","templated":true}]}}