{"id":9616,"date":"2016-02-03T16:39:47","date_gmt":"2016-02-03T16:39:47","guid":{"rendered":"http:\/\/rurallascolonias.com.ar\/?p=9616"},"modified":"2016-02-03T16:39:47","modified_gmt":"2016-02-03T16:39:47","slug":"subsecretario-de-lecheria-recibe-hoy-en-la-srr-a-los-tamberos","status":"publish","type":"post","link":"http:\/\/rurallascolonias.com.ar\/?p=9616","title":{"rendered":"Subsecretario de Lecher\u00eda recibe hoy en la SRR a los tamberos"},"content":{"rendered":"<p><strong><em><a href=\"http:\/\/rurallascolonias.com.ar\/?attachment_id=9541\" rel=\"attachment wp-att-9541\"><img loading=\"lazy\" class=\"alignleft size-full wp-image-9541\" src=\"http:\/\/rurallascolonias.com.ar\/wp-content\/uploads\/2016\/01\/Sanmartino.jpg\" alt=\"Sanmartino\" width=\"225\" height=\"225\" srcset=\"http:\/\/rurallascolonias.com.ar\/wp-content\/uploads\/2016\/01\/Sanmartino.jpg 225w, http:\/\/rurallascolonias.com.ar\/wp-content\/uploads\/2016\/01\/Sanmartino-150x150.jpg 150w\" sizes=\"(max-width: 225px) 100vw, 225px\" \/><\/a><\/em><\/strong><em><strong>CON UNA NUEVA BAJA INTERNACIONAL DEL PRECIO DE LA LECHE, EL PANORAMA SE ENRARECE. LA LLEGADA DE ALEJANDRO SAMMARTINO A LA REGI\u00d3N APORTAR\u00c1 UN ESPACIO DE INTERCAMBIO DONDE NO FALTAR\u00c1N LOS RECLAMOS Y HABR\u00c1 QUE MOTIVAR LAS SOLUCIONES<\/strong><\/em><!--more--><\/p>\n<div>La semana comenz\u00f3 con datos desalentadores en cuanto a la exportaci\u00f3n de la leche en polvo por 8.569 toneladas a un valor promedio ponderado de 2.326 u$s\/tonelada, sin las ventas a Venezuela que se contraponen con mermas ante las de enero de 2015, con 8.972 toneladas, a 2.749 u$s\/tonelada. Sin embargo los valores oscilaron desde un poco m\u00e1s de 1.900 d\u00f3lares hasta 2.800, lo cual habla de una dispersi\u00f3n del mercado muy amplia.<br \/>\nEn cuanto a Venezuela, de las 17.166 toneladas vendidas en enero de 2015, se cay\u00f3 a 2.106 toneladas en este primer mes del a\u00f1o, con causa directa basada en la demora de los pagos, que es una de las grandes inc\u00f3gnitas para el mediano plazo.<br \/>\nPero no solo se qued\u00f3 en eso la lecher\u00eda, ya que ayer en horas del mediod\u00eda sum\u00f3 una muy mala noticia, que es la depreciaci\u00f3n abrupta de los l\u00e1cteos, que promediaron -7,4 por ciento, con una tonelada aproximada de 2.276 d\u00f3lares en general.<br \/>\nLos valores surgen de la subasta electr\u00f3nica de Fonterra, la gran cooperativa l\u00e1ctea de Nueva Zelandia que cuenta ya su tercera baja consecutiva, con previas de poco m\u00e1s del uno por ciento, pero con un impacto muy fuerte para el comienzo del segundo mes del a\u00f1o. La leche en polvo se retrajo 10,4 por ciento, hasta los 1.952 d\u00f3lares, cayendo tambi\u00e9n de manera importante la manteca al 8,3 por ciento, la manteca en polvo, -6,7 por ciento y la grasa anh\u00eddrida con -6,6 puntos, siendo todas las categor\u00edas restantes negativas.<br \/>\nLa baja se da en el mismo rango que en noviembre, donde se dieron dos descensos consecutivos de m\u00e1s de siete por ciento, viene a traer un mensaje que a muchos estremece, 2016 ser\u00e1 tan complejo o m\u00e1s que el a\u00f1o anterior.<br \/>\nUno \u00a0de los estrategas en temas lecheros de la firma Rabobank, Kevin Bellamy, estima que el rebote positivo de los precios no se dar\u00e1 al menos en un a\u00f1o o al menos sobre el final de este en curso, sobre todo por las debilidades de la demanda en los mercados m\u00e1s amplios, e incluso con la influencia de la depreciaci\u00f3n de la leche europea, con un Euro mucho m\u00e1s debilitado que el d\u00f3lar.<br \/>\nTeniendo una mirada m\u00e1s positiva, el mercado plantea claramente nuevos precios, nuevos m\u00e1rgenes, que son los que llevan a las principales cuencas a ajustar los n\u00fameros y las ganancias, apuntando directo a la fase comercial, para poder mejorar las condiciones sectoriales de una manera m\u00e1s efectiva y \u00e1gil.<\/div>\n<div><\/div>\n<div><strong>Con los productores<\/strong><\/div>\n<div><\/div>\n<div>Con una agenda muy nutrida que comenz\u00f3 con Cafypel, la c\u00e1mara de proveedores del agro, ayer por la tarde en El Tr\u00e9bol se inici\u00f3 la visita de Alejandro Sammartino a la Provincia.<br \/>\nHoy sus encuentros incluyen visitas a Sucesores de Alfredo Williner, a la Cooperativa Guillermo Lehmann en Pilar, la Sociedad Rural de Rafaela, Apymil y la Mesa de Productores de Leche de Santa Fe, e incluso una cena con empresarios del sector.<br \/>\nPero el primer encuentro con productores se dar\u00e1 esta noche a las 20:30 horas, en el Sal\u00f3n Centenario de la Rural rafaelina, donde le har\u00e1n llegar consultas, desde el cobro de subsidios actuales y los pendientes de julio, hasta cuestiones ligadas al acceso crediticio, e incluso el ajuste de precios por parte de las industrias que no llegar\u00e1 a cubrir las m\u00ednimas expectativas expresadas en el acuerdo-marco firmado en Venado Tuerto.<br \/>\nYa ma\u00f1ana el recorrido lo llevar\u00e1 por Idesa en Ataliva, SanCor en Sunchales y a las 16:30 en Suardi, los productores podr\u00e1n encontrarlo en la reuni\u00f3n que mantendr\u00e1 con APLA y Atlara, en el sal\u00f3n de la Cooperativa Telef\u00f3nica de Suardi. Por la noche, a las 20:30 tendr\u00e1 otra cita a las 20:30 horas en el \u00a0Club de Abuelos de San Guillermo, en Rivadavia y Pasteur.<br \/>\nEl viernes luego de reuniones con toda la cadena l\u00e1ctea y otros encuentros, a las 20:30 en la sede c\u00e9ntrica de la Sociedad Rural de Las Colonias se dar\u00e1 el \u00faltimo intercambio con productores para esta gira agotadora que culminar\u00e1 el s\u00e1bado, entre el tambo rob\u00f3tico del INTA Rafaela y la visita a la firma San Ignacio en cercan\u00edas de Sauce Viejo.<\/div>\n<div><\/div>\n<div>Elida Thiery<\/div>\n","protected":false},"excerpt":{"rendered":"<p>CON UNA NUEVA BAJA INTERNACIONAL DEL PRECIO DE LA LECHE, EL PANORAMA SE ENRARECE. LA LLEGADA DE ALEJANDRO SAMMARTINO A LA REGI\u00d3N APORTAR\u00c1 UN ESPACIO DE INTERCAMBIO DONDE NO FALTAR\u00c1N LOS RECLAMOS Y HABR\u00c1 QUE MOTIVAR LAS SOLUCIONES<\/p>\n","protected":false},"author":5,"featured_media":0,"comment_status":"open","ping_status":"open","sticky":false,"template":"","format":"standard","meta":[],"categories":[42],"tags":[2350,89,2599,227],"_links":{"self":[{"href":"http:\/\/rurallascolonias.com.ar\/index.php?rest_route=\/wp\/v2\/posts\/9616"}],"collection":[{"href":"http:\/\/rurallascolonias.com.ar\/index.php?rest_route=\/wp\/v2\/posts"}],"about":[{"href":"http:\/\/rurallascolonias.com.ar\/index.php?rest_route=\/wp\/v2\/types\/post"}],"author":[{"embeddable":true,"href":"http:\/\/rurallascolonias.com.ar\/index.php?rest_route=\/wp\/v2\/users\/5"}],"replies":[{"embeddable":true,"href":"http:\/\/rurallascolonias.com.ar\/index.php?rest_route=%2Fwp%2Fv2%2Fcomments&post=9616"}],"version-history":[{"count":1,"href":"http:\/\/rurallascolonias.com.ar\/index.php?rest_route=\/wp\/v2\/posts\/9616\/revisions"}],"predecessor-version":[{"id":9617,"href":"http:\/\/rurallascolonias.com.ar\/index.php?rest_route=\/wp\/v2\/posts\/9616\/revisions\/9617"}],"wp:attachment":[{"href":"http:\/\/rurallascolonias.com.ar\/index.php?rest_route=%2Fwp%2Fv2%2Fmedia&parent=9616"}],"wp:term":[{"taxonomy":"category","embeddable":true,"href":"http:\/\/rurallascolonias.com.ar\/index.php?rest_route=%2Fwp%2Fv2%2Fcategories&post=9616"},{"taxonomy":"post_tag","embeddable":true,"href":"http:\/\/rurallascolonias.com.ar\/index.php?rest_route=%2Fwp%2Fv2%2Ftags&post=9616"}],"curies":[{"name":"wp","href":"https:\/\/api.w.org\/{rel}","templated":true}]}}