{"id":9602,"date":"2016-02-02T09:26:14","date_gmt":"2016-02-02T09:26:14","guid":{"rendered":"http:\/\/rurallascolonias.com.ar\/?p=9602"},"modified":"2016-02-02T10:28:22","modified_gmt":"2016-02-02T10:28:22","slug":"extendieron-hasta-el-31-de-marzo-el-plazo-para-declarar-el-origen-de-la-semilla-de-soja","status":"publish","type":"post","link":"http:\/\/rurallascolonias.com.ar\/?p=9602","title":{"rendered":"Extendieron hasta el 31 de marzo el plazo para declarar el origen de la semilla de soja"},"content":{"rendered":"<p><em><strong><a href=\"http:\/\/rurallascolonias.com.ar\/?attachment_id=9603\" rel=\"attachment wp-att-9603\"><img loading=\"lazy\" class=\"aligncenter size-full wp-image-9603\" src=\"http:\/\/rurallascolonias.com.ar\/wp-content\/uploads\/2016\/02\/soja-3.jpg\" alt=\"soja 3\" width=\"300\" height=\"168\" \/><\/a>Desde el ministerio de Agroindustria confirmaron que es por \u00fanica vez<\/strong><\/em><!--more--><\/p>\n<p>El Ministerio de Agroindustria de la Naci\u00f3n, a trav\u00e9s del Instituto Nacional de Semillas (INASE), ampli\u00f3 por dos meses la posibilidad de presentar la declaraci\u00f3n jurada sobre el origen de la semilla de soja utilizada en la \u00faltima siembra, correspondientes a la campa\u00f1a 2015\/2016.<\/p>\n<p>A partir de la Resoluci\u00f3n INASE N\u00ba 005 de fecha 27 de enero de 2016, se implementa por \u00fanica vez una pr\u00f3rroga en el plazo a lo establecido por la Resoluci\u00f3n INASE N\u00ba 187\/15.<\/p>\n<p>Con esta modificaci\u00f3n, los productores que est\u00e9n en condiciones, tendr\u00e1n tiempo hasta el 31 de marzo de 2016 para presentar la declaraci\u00f3n jurada en el sistema de autogesti\u00f3n del Ministerio de Agroindustria, opci\u00f3n RUSSyT (Registro de Usuarios de Semilla de Soja y Trigo).<\/p>\n<p>Ante cualquier duda o inquietud, podr\u00e1n dirigirse a <a href=\"http:\/\/www.inase.gov.ar\/\" target=\"_blank\">www.inase.gov.ar<\/a> donde est\u00e1 cargada toda la informaci\u00f3n correspondiente a este tema o v\u00eda correo electr\u00f3nico a <a href=\"mailto:productores@inase.gov.ar\">productores@inase.gov.ar<\/a> o telef\u00f3nicamente al 0800- 362-4684 (internos 5454\/5455).<\/p>\n<p>Fuente: Edici\u00f3n Rural<\/p>\n","protected":false},"excerpt":{"rendered":"<p>Desde el ministerio de Agroindustria confirmaron que es por \u00fanica vez<\/p>\n","protected":false},"author":5,"featured_media":0,"comment_status":"open","ping_status":"open","sticky":false,"template":"","format":"standard","meta":[],"categories":[18],"tags":[2596],"_links":{"self":[{"href":"http:\/\/rurallascolonias.com.ar\/index.php?rest_route=\/wp\/v2\/posts\/9602"}],"collection":[{"href":"http:\/\/rurallascolonias.com.ar\/index.php?rest_route=\/wp\/v2\/posts"}],"about":[{"href":"http:\/\/rurallascolonias.com.ar\/index.php?rest_route=\/wp\/v2\/types\/post"}],"author":[{"embeddable":true,"href":"http:\/\/rurallascolonias.com.ar\/index.php?rest_route=\/wp\/v2\/users\/5"}],"replies":[{"embeddable":true,"href":"http:\/\/rurallascolonias.com.ar\/index.php?rest_route=%2Fwp%2Fv2%2Fcomments&post=9602"}],"version-history":[{"count":1,"href":"http:\/\/rurallascolonias.com.ar\/index.php?rest_route=\/wp\/v2\/posts\/9602\/revisions"}],"predecessor-version":[{"id":9604,"href":"http:\/\/rurallascolonias.com.ar\/index.php?rest_route=\/wp\/v2\/posts\/9602\/revisions\/9604"}],"wp:attachment":[{"href":"http:\/\/rurallascolonias.com.ar\/index.php?rest_route=%2Fwp%2Fv2%2Fmedia&parent=9602"}],"wp:term":[{"taxonomy":"category","embeddable":true,"href":"http:\/\/rurallascolonias.com.ar\/index.php?rest_route=%2Fwp%2Fv2%2Fcategories&post=9602"},{"taxonomy":"post_tag","embeddable":true,"href":"http:\/\/rurallascolonias.com.ar\/index.php?rest_route=%2Fwp%2Fv2%2Ftags&post=9602"}],"curies":[{"name":"wp","href":"https:\/\/api.w.org\/{rel}","templated":true}]}}