{"id":9589,"date":"2016-01-31T18:42:37","date_gmt":"2016-01-31T18:42:37","guid":{"rendered":"http:\/\/rurallascolonias.com.ar\/?p=9589"},"modified":"2016-01-31T20:53:05","modified_gmt":"2016-01-31T20:53:05","slug":"por-las-inundaciones-decretaron-la-emergencia-hidrica-en-siete-provincias","status":"publish","type":"post","link":"http:\/\/rurallascolonias.com.ar\/?p=9589","title":{"rendered":"Por las inundaciones, decretaron la emergencia h\u00eddrica en siete provincias"},"content":{"rendered":"<p><strong><em><a href=\"http:\/\/rurallascolonias.com.ar\/?attachment_id=9301\" rel=\"attachment wp-att-9301\"><img loading=\"lazy\" class=\"aligncenter size-full wp-image-9301\" src=\"http:\/\/rurallascolonias.com.ar\/wp-content\/uploads\/2016\/01\/inundaciones-4.jpg\" alt=\"inundaciones 4\" width=\"297\" height=\"169\" \/><\/a>Rige para Buenos Aires, Santa Fe, Chaco, Entre R\u00edos, Formosa, Misiones y Corrientes; se buscar\u00e1n cr\u00e9ditos internacionales \u00aben forma inmediata\u00bb<\/em><\/strong><!--more--><\/p>\n<p>El\u00a0Gobierno decret\u00f3 el\u00a0\u00abestado de emergencia h\u00eddrica\u00bb\u00a0para las provincias de Buenos Aires, Santa Fe, Chaco, Entre R\u00edos, Formosa, Misiones y Corrientes, debido a las consecuencias del fen\u00f3meno \u00abEl Ni\u00f1o\u00bb a partir del segundo semestre de 2015.<\/p>\n<p>Lo hizo mediante el\u00a0decreto 266\u00a0publicado \u00a0en el Bolet\u00edn Oficial, con las firmas del presidente\u00a0Mauricio Macri,\u00a0del jefe de Gabinete, Marcos Pe\u00f1a, y del ministro del Interior, Obras P\u00fablicas y Vivienda, Rogelio Frigerio.<\/p>\n<p>El art\u00edculo tercero instruye a la Secretar\u00eda de Coordinaci\u00f3n Interministerial de la Jefatura de Gabinete de Ministros \u00aba llevar a cabo todas las negociaciones destinadas a lograr financiamiento externo que permita adoptar en forma inmediata las medidas necesarias para afrontar la situaci\u00f3n cr\u00edtica expuesta en los considerandos\u00bb.<\/p>\n<p>Se explic\u00f3 que las intensas precipitaciones acaecidas en el segundo semestre del a\u00f1o 2015, provocadas por el fen\u00f3meno clim\u00e1tico \u00abEl Ni\u00f1o\u00bb, ocasionaron desbordes en la Cuenca del Plata.<\/p>\n<p>Esto origin\u00f3 \u00abinsuficiencias en el funcionamiento de desag\u00fces pluviales existentes, inundaciones en barrios cercanos a los cauces, afectaci\u00f3n en la red de caminos y p\u00e9rdidas a los habitantes de la regi\u00f3n, incluyendo a los productores de bienes y servicios\u00bb.<\/p>\n<p>La medida se dispuso luego de que las jurisdicciones afectadas establecieran \u00abel estado de emergencia h\u00eddrica con el objetivo de implementar las acciones tendientes a la reparaci\u00f3n de los da\u00f1os producidos o que se puedan producir a futuro como consecuencia del fen\u00f3meno clim\u00e1tico\u00bb.<\/p>\n<p>\u00abQue en este sentido se necesita llevar a cabo todas las negociaciones destinadas a lograr financiamiento externo que permita adoptar en forma inmediata las medidas necesarias para afrontar la situaci\u00f3n cr\u00edtica y atenuar los efectos de manera eficiente\u00bb, se agreg\u00f3 en los considerandos.<\/p>\n","protected":false},"excerpt":{"rendered":"<p>Rige para Buenos Aires, Santa Fe, Chaco, Entre R\u00edos, Formosa, Misiones y Corrientes; se buscar\u00e1n cr\u00e9ditos internacionales \u00aben forma inmediata\u00bb<\/p>\n","protected":false},"author":5,"featured_media":0,"comment_status":"open","ping_status":"open","sticky":false,"template":"","format":"standard","meta":[],"categories":[42],"tags":[2472,845],"_links":{"self":[{"href":"http:\/\/rurallascolonias.com.ar\/index.php?rest_route=\/wp\/v2\/posts\/9589"}],"collection":[{"href":"http:\/\/rurallascolonias.com.ar\/index.php?rest_route=\/wp\/v2\/posts"}],"about":[{"href":"http:\/\/rurallascolonias.com.ar\/index.php?rest_route=\/wp\/v2\/types\/post"}],"author":[{"embeddable":true,"href":"http:\/\/rurallascolonias.com.ar\/index.php?rest_route=\/wp\/v2\/users\/5"}],"replies":[{"embeddable":true,"href":"http:\/\/rurallascolonias.com.ar\/index.php?rest_route=%2Fwp%2Fv2%2Fcomments&post=9589"}],"version-history":[{"count":1,"href":"http:\/\/rurallascolonias.com.ar\/index.php?rest_route=\/wp\/v2\/posts\/9589\/revisions"}],"predecessor-version":[{"id":9590,"href":"http:\/\/rurallascolonias.com.ar\/index.php?rest_route=\/wp\/v2\/posts\/9589\/revisions\/9590"}],"wp:attachment":[{"href":"http:\/\/rurallascolonias.com.ar\/index.php?rest_route=%2Fwp%2Fv2%2Fmedia&parent=9589"}],"wp:term":[{"taxonomy":"category","embeddable":true,"href":"http:\/\/rurallascolonias.com.ar\/index.php?rest_route=%2Fwp%2Fv2%2Fcategories&post=9589"},{"taxonomy":"post_tag","embeddable":true,"href":"http:\/\/rurallascolonias.com.ar\/index.php?rest_route=%2Fwp%2Fv2%2Ftags&post=9589"}],"curies":[{"name":"wp","href":"https:\/\/api.w.org\/{rel}","templated":true}]}}