{"id":9576,"date":"2016-01-31T20:33:26","date_gmt":"2016-01-31T20:33:26","guid":{"rendered":"http:\/\/rurallascolonias.com.ar\/?p=9576"},"modified":"2016-01-31T20:33:26","modified_gmt":"2016-01-31T20:33:26","slug":"positiva-reunion-entre-autoridades-de-la-sociedad-rural-las-colonias-y-el-diputado-provincial-federico-angelini","status":"publish","type":"post","link":"http:\/\/rurallascolonias.com.ar\/?p=9576","title":{"rendered":"POSITIVA REUNI\u00d3N ENTRE AUTORIDADES DE LA SOCIEDAD RURAL LAS COLONIAS Y EL DIPUTADO PROVINCIAL FEDERICO ANGELINI"},"content":{"rendered":"<p><a href=\"http:\/\/rurallascolonias.com.ar\/?attachment_id=9584\" rel=\"attachment wp-att-9584\"><img loading=\"lazy\" class=\"wp-image-9584 size-medium\" src=\"http:\/\/rurallascolonias.com.ar\/wp-content\/uploads\/2016\/01\/SAM_0519-300x225.jpg\" alt=\"SAMSUNG CAMERA PICTURES\" width=\"300\" height=\"225\" srcset=\"http:\/\/rurallascolonias.com.ar\/wp-content\/uploads\/2016\/01\/SAM_0519-300x225.jpg 300w, http:\/\/rurallascolonias.com.ar\/wp-content\/uploads\/2016\/01\/SAM_0519-768x576.jpg 768w, http:\/\/rurallascolonias.com.ar\/wp-content\/uploads\/2016\/01\/SAM_0519-1024x768.jpg 1024w, http:\/\/rurallascolonias.com.ar\/wp-content\/uploads\/2016\/01\/SAM_0519-600x450.jpg 600w, http:\/\/rurallascolonias.com.ar\/wp-content\/uploads\/2016\/01\/SAM_0519-624x468.jpg 624w\" sizes=\"(max-width: 300px) 100vw, 300px\" \/><\/a><\/p>\n<p><em><strong>Fue el pasado viernes por la noche en las instalaciones de la sede social de la entidad rural. Estuvieron presentes, su Presidente, Jos\u00e9 Luis Alonso, el Presidente de Carsfe, Gustavo Vionnet, junto a Ricardo Perrig, \u00a0VicePte. de la Sociedad Rural de las Colonias; \u00a0Rub\u00e9n Work, Vicepte. de CICAE; Hugo Becchio \u00a0y Ateneo Las Colonias. Federico Angelini, es actual Diputado Provincial de Uni\u00f3n PRO, Santa Fe<\/strong><\/em><!--more--><\/p>\n<p>El motivo del encuentro gir\u00f3 en torno a un objetivo que la Sociedad Rural entiende que es clave para paliar la dif\u00edcil situaci\u00f3n por la que est\u00e1 atravesando desde hace mucho tiempo el sector: lograr el di\u00e1logo con cada referente pol\u00edtico, independientemente del color partidario al que pertenezca. \u00abNosotros consideramos muy importante crear un v\u00ednculo fluido con los Diputados y los Senadores de la Provincia porque es la \u00fanica forma en que las Instituciones pueden llegar a concretar todos los pedidos que tenemos\u00bb -dijo Alonso. \u00a0\u00abB\u00e1sicamente estoy hablando por el agro, un agro que ha sido olvidado durante los \u00faltimos 50 a\u00f1os y por el cual \u00a0tenemos mucho para dar en el pa\u00eds tanto para generar empleo como as\u00ed tambi\u00e9n desarrollo local\u00bb<\/p>\n<p>Nueva Zelanda es el primer exportador de l\u00e1cteos a nivel mundial. Ha estado siempre sujeta a la producci\u00f3n de l\u00e1cteos, casi en forma excluyente; y hoy es el mayor productor y exportador mundial de leche y derivados. Al respecto Vionnet coment\u00f3 \u00abNosotros viajamos a Nueva Zelanda el a\u00f1o pasado con la Provincia. Un pa\u00eds donde la actividad lechera es clave. Es como Santa Fe y es un pa\u00eds desarrollado y \u00bfen base a qu\u00e9 se desarroll\u00f3? a las actividades agro industriales: a la leche, a las ovejas, a la madera y a la carne de siervo. Con esas cuatro actividades es un pa\u00eds que ha generado agro industria y un valor agregado eficiente como para darle un nivel de vida a su poblaci\u00f3n de pa\u00eds desarrollado. A ra\u00edz de eso han generado much\u00edsimas otras cosas. Pero 20 a\u00f1os atr\u00e1s era un pa\u00eds que era un desastre como lo es Argentina y su gente se reconstituy\u00f3\u00bb.<\/p>\n<p><a href=\"http:\/\/rurallascolonias.com.ar\/?attachment_id=9585\" rel=\"attachment wp-att-9585\"><img loading=\"lazy\" class=\"wp-image-9585 size-medium\" src=\"http:\/\/rurallascolonias.com.ar\/wp-content\/uploads\/2016\/01\/SAM_0517-300x225.jpg\" alt=\"SAMSUNG CAMERA PICTURES\" width=\"300\" height=\"225\" srcset=\"http:\/\/rurallascolonias.com.ar\/wp-content\/uploads\/2016\/01\/SAM_0517-300x225.jpg 300w, http:\/\/rurallascolonias.com.ar\/wp-content\/uploads\/2016\/01\/SAM_0517-768x576.jpg 768w, http:\/\/rurallascolonias.com.ar\/wp-content\/uploads\/2016\/01\/SAM_0517-1024x768.jpg 1024w, http:\/\/rurallascolonias.com.ar\/wp-content\/uploads\/2016\/01\/SAM_0517-600x450.jpg 600w, http:\/\/rurallascolonias.com.ar\/wp-content\/uploads\/2016\/01\/SAM_0517-624x468.jpg 624w\" sizes=\"(max-width: 300px) 100vw, 300px\" \/><\/a><\/p>\n<p>Angelini se refiri\u00f3 a la situaci\u00f3n actual entendiendo \u00a0que \u00abhoy el pa\u00eds est\u00e1 pasando por un momento complicado. Estamos al l\u00edmite y eso se siente por ejemplo yendo al supermercado: los precios en g\u00f3ndola aumentan considerablemente y el productor cobra cada vez menos, creo que hay algo en la cadena que no est\u00e1 andando correctamente. Y el Gobierno tiene que actuar para que no se disparen los precios\u00bb<\/p>\n<p>Los dirigentes rurales explicaron que les interesa hablar con los\u00a0legislativos para explicarles sobre el sector, los potenciales que tiene y qu\u00e9 cosas necesitan. Por otro lado, fijar objetivos de provincia para potenciar la producci\u00f3n y no s\u00f3lo la del sector agropecuario sino tambi\u00e9n del sector industrial e industrias conexas que trabajan con ese sector.<\/p>\n<p>\u00abHay que generar una re valorizaci\u00f3n del sector; un sector que ha sido vapuleado y que la sociedad santafesina critica. Por eso desde la pol\u00edtica hay que revalorizar al sector agro industrial argentino\u00bb pidi\u00f3 el Presidente de Carsfe.<\/p>\n<p>Los miembros de la entidad rural valoraron la presencia del\u00a0dirigente pol\u00edtico porque entienden es lo que faltaba: poder hablar con alguien y conversar.<\/p>\n<p>Sociedad Rural de Las Colonias<\/p>\n<p>&nbsp;<\/p>\n<p>&nbsp;<\/p>\n","protected":false},"excerpt":{"rendered":"<p>Fue el pasado viernes por la noche en las instalaciones de la sede social de la entidad rural. Estuvieron presentes, su Presidente, Jos\u00e9 Luis Alonso, el Presidente de Carsfe, Gustavo Vionnet, junto a Ricardo Perrig, \u00a0VicePte. de la Sociedad Rural de las Colonias; \u00a0Rub\u00e9n Work, Vicepte. de CICAE; Hugo Becchio \u00a0y Ateneo Las Colonias. Federico [&hellip;]<\/p>\n","protected":false},"author":5,"featured_media":0,"comment_status":"open","ping_status":"open","sticky":false,"template":"","format":"standard","meta":[],"categories":[2306],"tags":[2594],"_links":{"self":[{"href":"http:\/\/rurallascolonias.com.ar\/index.php?rest_route=\/wp\/v2\/posts\/9576"}],"collection":[{"href":"http:\/\/rurallascolonias.com.ar\/index.php?rest_route=\/wp\/v2\/posts"}],"about":[{"href":"http:\/\/rurallascolonias.com.ar\/index.php?rest_route=\/wp\/v2\/types\/post"}],"author":[{"embeddable":true,"href":"http:\/\/rurallascolonias.com.ar\/index.php?rest_route=\/wp\/v2\/users\/5"}],"replies":[{"embeddable":true,"href":"http:\/\/rurallascolonias.com.ar\/index.php?rest_route=%2Fwp%2Fv2%2Fcomments&post=9576"}],"version-history":[{"count":6,"href":"http:\/\/rurallascolonias.com.ar\/index.php?rest_route=\/wp\/v2\/posts\/9576\/revisions"}],"predecessor-version":[{"id":9586,"href":"http:\/\/rurallascolonias.com.ar\/index.php?rest_route=\/wp\/v2\/posts\/9576\/revisions\/9586"}],"wp:attachment":[{"href":"http:\/\/rurallascolonias.com.ar\/index.php?rest_route=%2Fwp%2Fv2%2Fmedia&parent=9576"}],"wp:term":[{"taxonomy":"category","embeddable":true,"href":"http:\/\/rurallascolonias.com.ar\/index.php?rest_route=%2Fwp%2Fv2%2Fcategories&post=9576"},{"taxonomy":"post_tag","embeddable":true,"href":"http:\/\/rurallascolonias.com.ar\/index.php?rest_route=%2Fwp%2Fv2%2Ftags&post=9576"}],"curies":[{"name":"wp","href":"https:\/\/api.w.org\/{rel}","templated":true}]}}