{"id":9571,"date":"2016-01-29T17:20:08","date_gmt":"2016-01-29T17:20:08","guid":{"rendered":"http:\/\/rurallascolonias.com.ar\/?p=9571"},"modified":"2016-01-29T17:20:08","modified_gmt":"2016-01-29T17:20:08","slug":"el-gobierno-volvio-a-reunir-a-las-cuatro-entidades-de-la-mesa-de-enlace-4","status":"publish","type":"post","link":"http:\/\/rurallascolonias.com.ar\/?p=9571","title":{"rendered":"El Gobierno volvi\u00f3 a reunir a las cuatro entidades de la Mesa de Enlace"},"content":{"rendered":"<p><em><strong><a href=\"http:\/\/rurallascolonias.com.ar\/?attachment_id=9566\" rel=\"attachment wp-att-9566\"><img loading=\"lazy\" class=\"aligncenter size-full wp-image-9566\" src=\"http:\/\/rurallascolonias.com.ar\/wp-content\/uploads\/2016\/01\/buyairle.jpg\" alt=\"buyairle\" width=\"299\" height=\"169\" \/><\/a>El ministro Buryaile y el jefe de Gabinete MArcos Pe\u00f1a recibieron hoy a los titulares de las cuatro entidades: CRA, SRA, Coninagro y FAA<\/strong><\/em><!--more--><\/p>\n<p>El Gobierno de la Naci\u00f3n recibi\u00f3 hoy a los titulares de la Mesa de Enlace, que re\u00fane a las organizaciones agropecuarias, y las convoc\u00f3 a poner en marcha un trabajo conjunto para revitalizar al sector a partir de una agenda que priorice el desarrollo de las econom\u00edas regionales, el crecimiento de los peque\u00f1os productores y la generaci\u00f3n de empleo.<\/p>\n<p style=\"margin: 0px;\">La reuni\u00f3n, que encabez\u00f3 el jefe de Gabinete, Marcos Pe\u00f1a, junto al ministro de Agroindustria, Ricardo Buryaile, se desarroll\u00f3 en la sede de esta cartera, en avenida Paseo Col\u00f3n 982, de esta capital, y marc\u00f3 el primer contacto institucional entre este Gobierno y la entidades representativas del campo.<\/p>\n<p style=\"margin: 0px;\">Por la Mesa de Enlace asistieron Luis Etchevehere (Sociedad Rural Argentina), Omar Pr\u00edncipe (Federaci\u00f3n Agraria Argentina), Dardo Chiesa (Confederaciones Rurales Argentinas) y Egidio Mailland (Coninagro).<\/p>\n<p style=\"margin: 0px;\">\u201cQueremos que los productores puedan promover una agenda de discusi\u00f3n hacia el interior de sus organizaciones y vamos a trabajar en conjunto en todos los niveles con metas y objetivos espec\u00edficos\u201d, sostuvo Pe\u00f1a al abrir el di\u00e1logo.<\/p>\n<p style=\"margin: 0px;\">El Jefe de Gabinete puso de relieve el rol protag\u00f3nico que le cabe al campo argentino en el marco de la convocatoria que lanz\u00f3 el presidente Mauricio Macri para \u201cunir a los argentinos y llegar a una Argentina con pobreza cero\u201d.<\/p>\n<p style=\"margin: 0px;\">En ese sentido ratific\u00f3 la decisi\u00f3n de impulsar pol\u00edticas que favorezcan el desarrollo de las econom\u00edas regionales para promover la creaci\u00f3n de empleo y priorizar las medidas de apoyo y est\u00edmulo a los peque\u00f1os productores.<\/p>\n<p style=\"margin: 0px;\">Por su parte, el ministro Buryaile destac\u00f3 que \u201choy volvi\u00f3 el di\u00e1logo porque es imprescindible para que esta Argentina crezca con producci\u00f3n, con empleo y generando valor agregado para recuperar presencia en los mercados mundiales\u201d.<\/p>\n<p style=\"margin: 0px;\">Luego de una charla introductoria la reuni\u00f3n continu\u00f3 con un encuentro ampliado al que se sumaron el titular de la AFIP, Alberto Abad; el vicepresidente del Banco Naci\u00f3n, Enrique Szewach; el director nacional del INTA, H\u00e9ctor Espina; el vicepresidente del SENASA, Guillermo Rossi, y el titular del INASE, Raimundo Lavignole, entre otras autoridades.<\/p>\n<p style=\"margin: 0px;\">Tambi\u00e9n participaron el senador nacional Alfredo De Angeli y los diputados nacionales Juan Casta\u00f1as, Pablo Torello y Yanina Gayol.<\/p>\n<p style=\"margin: 0px;\">En este marco comenz\u00f3 a debatirse de qu\u00e9 manera se diagramar\u00e1 el programa de trabajo conjunto para analizar los diferentes aspectos sanitarios, tecnol\u00f3gicos y financieros y determinar los pasos a seguir sobre la base de esas conclusiones t\u00e9cnicas y los pisos de consenso que se vayan alcanzando en cada sector.<\/p>\n<p style=\"margin: 0px;\">\n<p style=\"margin: 0px;\">Fuente: Edici\u00f3n Rural<\/p>\n","protected":false},"excerpt":{"rendered":"<p>El ministro Buryaile y el jefe de Gabinete MArcos Pe\u00f1a recibieron hoy a los titulares de las cuatro entidades: CRA, SRA, Coninagro y FAA<\/p>\n","protected":false},"author":5,"featured_media":0,"comment_status":"open","ping_status":"open","sticky":false,"template":"","format":"standard","meta":[],"categories":[42,33],"tags":[176,34,74],"_links":{"self":[{"href":"http:\/\/rurallascolonias.com.ar\/index.php?rest_route=\/wp\/v2\/posts\/9571"}],"collection":[{"href":"http:\/\/rurallascolonias.com.ar\/index.php?rest_route=\/wp\/v2\/posts"}],"about":[{"href":"http:\/\/rurallascolonias.com.ar\/index.php?rest_route=\/wp\/v2\/types\/post"}],"author":[{"embeddable":true,"href":"http:\/\/rurallascolonias.com.ar\/index.php?rest_route=\/wp\/v2\/users\/5"}],"replies":[{"embeddable":true,"href":"http:\/\/rurallascolonias.com.ar\/index.php?rest_route=%2Fwp%2Fv2%2Fcomments&post=9571"}],"version-history":[{"count":1,"href":"http:\/\/rurallascolonias.com.ar\/index.php?rest_route=\/wp\/v2\/posts\/9571\/revisions"}],"predecessor-version":[{"id":9572,"href":"http:\/\/rurallascolonias.com.ar\/index.php?rest_route=\/wp\/v2\/posts\/9571\/revisions\/9572"}],"wp:attachment":[{"href":"http:\/\/rurallascolonias.com.ar\/index.php?rest_route=%2Fwp%2Fv2%2Fmedia&parent=9571"}],"wp:term":[{"taxonomy":"category","embeddable":true,"href":"http:\/\/rurallascolonias.com.ar\/index.php?rest_route=%2Fwp%2Fv2%2Fcategories&post=9571"},{"taxonomy":"post_tag","embeddable":true,"href":"http:\/\/rurallascolonias.com.ar\/index.php?rest_route=%2Fwp%2Fv2%2Ftags&post=9571"}],"curies":[{"name":"wp","href":"https:\/\/api.w.org\/{rel}","templated":true}]}}