{"id":9552,"date":"2016-01-29T16:26:29","date_gmt":"2016-01-29T16:26:29","guid":{"rendered":"http:\/\/rurallascolonias.com.ar\/?p=9552"},"modified":"2016-01-29T16:26:29","modified_gmt":"2016-01-29T16:26:29","slug":"alguien-en-la-cadena-lechera-se-queda-con-10-mil-millones","status":"publish","type":"post","link":"http:\/\/rurallascolonias.com.ar\/?p=9552","title":{"rendered":"\u201cAlguien en la cadena lechera se queda con $10 mil millones\u201d"},"content":{"rendered":"<p><em><strong><a href=\"http:\/\/rurallascolonias.com.ar\/?attachment_id=9553\" rel=\"attachment wp-att-9553\"><img loading=\"lazy\" class=\"aligncenter size-full wp-image-9553\" src=\"http:\/\/rurallascolonias.com.ar\/wp-content\/uploads\/2016\/01\/cadena-l\u00e1ctea-2.jpg\" alt=\"cadena l\u00e1ctea 2\" width=\"306\" height=\"165\" srcset=\"http:\/\/rurallascolonias.com.ar\/wp-content\/uploads\/2016\/01\/cadena-l\u00e1ctea-2.jpg 306w, http:\/\/rurallascolonias.com.ar\/wp-content\/uploads\/2016\/01\/cadena-l\u00e1ctea-2-300x162.jpg 300w\" sizes=\"(max-width: 306px) 100vw, 306px\" \/><\/a>As\u00ed lo estim\u00f3 el secretario del \u00e1rea de la provincia, Pedro Morini. \u201cLos m\u00e1s afectados son el consumidor y el tambero\u201d, dijo, y pidi\u00f3 reglas claras para el sector tambero. En los \u00faltimos meses la ca\u00edda de la producci\u00f3n alcanzar\u00eda el 35%<\/strong><\/em><!--more--><\/p>\n<p>El secretario de Lecher\u00eda de la Provincia, Pedro Morini, asegur\u00f3 que \u201ccuando uno saca el c\u00e1lculo de cu\u00e1nto representa el precio de origen (de la leche) sobre el producto final, es pr\u00e1cticamente insignificante\u201d. Adem\u00e1s, se\u00f1al\u00f3 que \u201cel precio en el mundo est\u00e1 ca\u00eddo y hay una sobreoferta\u201d, pero dijo que \u201cla leche de exportaci\u00f3n no excede el 30%\u201d, por lo cual \u201cno tiene por qu\u00e9 el 70% restante pagarla con respecto al precio internacional\u201d.<\/p>\n<p>En igual sentido, especific\u00f3 que la provincia de Santa Fe tiene actualmente 4.133 tambos, y el \u00faltimo calculo indica que entre marzo y septiembre 2015 cayeron 17. Entonces, \u201cen una lecher\u00eda de 8 mil millones de litros de consumo interno y 3 mil de exportaci\u00f3n, se la tienda a achicar. Es lo que se est\u00e1 buscando aparentemente, lament\u00f3. Y mientras tanto, \u201cel pa\u00eds est\u00e1 preparado para producir mucho m\u00e1s\u201d, pero \u201chay una tendencia de decrecer y caer a los valores del consumo interno, que ser\u00eda sacar del medio a una cantidad important\u00edsima de gente que trabaja y que hoy le da vida a los pueblos\u201d, advirti\u00f3.<\/p>\n<p>Morini anticip\u00f3 una ca\u00edda de 35% de la producci\u00f3n y pidi\u00f3 medidas y reglas claras para el sector. \u201cLa leche se entrega sin contrato. Alguien en un comercio entregar\u00eda cifras de entre 300 a 500 mil pesos a una empresa sin un solo papel firmado?\u201d.<\/p>\n<p>No obstante, aclar\u00f3 que no est\u00e1 contra la industria, y que \u00e9sta muchas veces se ve afectada por presiones por parte del supermercadismo. Pero \u201ccuando uno ve el precio de g\u00f3ndola y lo que le pagan a la producci\u00f3n, en definitiva los m\u00e1s afectados son el consumidor y el tambero. Alguien en la cadena se queda hoy con 10 mil millones de pesos\u201d.<\/p>\n<p>Fuente: SM-LT10<br \/>\nwww.sinmordaza.com<\/p>\n","protected":false},"excerpt":{"rendered":"<p>As\u00ed lo estim\u00f3 el secretario del \u00e1rea de la provincia, Pedro Morini. \u201cLos m\u00e1s afectados son el consumidor y el tambero\u201d, dijo, y pidi\u00f3 reglas claras para el sector tambero. En los \u00faltimos meses la ca\u00edda de la producci\u00f3n alcanzar\u00eda el 35%<\/p>\n","protected":false},"author":5,"featured_media":0,"comment_status":"open","ping_status":"open","sticky":false,"template":"","format":"standard","meta":[],"categories":[46],"tags":[2588],"_links":{"self":[{"href":"http:\/\/rurallascolonias.com.ar\/index.php?rest_route=\/wp\/v2\/posts\/9552"}],"collection":[{"href":"http:\/\/rurallascolonias.com.ar\/index.php?rest_route=\/wp\/v2\/posts"}],"about":[{"href":"http:\/\/rurallascolonias.com.ar\/index.php?rest_route=\/wp\/v2\/types\/post"}],"author":[{"embeddable":true,"href":"http:\/\/rurallascolonias.com.ar\/index.php?rest_route=\/wp\/v2\/users\/5"}],"replies":[{"embeddable":true,"href":"http:\/\/rurallascolonias.com.ar\/index.php?rest_route=%2Fwp%2Fv2%2Fcomments&post=9552"}],"version-history":[{"count":1,"href":"http:\/\/rurallascolonias.com.ar\/index.php?rest_route=\/wp\/v2\/posts\/9552\/revisions"}],"predecessor-version":[{"id":9554,"href":"http:\/\/rurallascolonias.com.ar\/index.php?rest_route=\/wp\/v2\/posts\/9552\/revisions\/9554"}],"wp:attachment":[{"href":"http:\/\/rurallascolonias.com.ar\/index.php?rest_route=%2Fwp%2Fv2%2Fmedia&parent=9552"}],"wp:term":[{"taxonomy":"category","embeddable":true,"href":"http:\/\/rurallascolonias.com.ar\/index.php?rest_route=%2Fwp%2Fv2%2Fcategories&post=9552"},{"taxonomy":"post_tag","embeddable":true,"href":"http:\/\/rurallascolonias.com.ar\/index.php?rest_route=%2Fwp%2Fv2%2Ftags&post=9552"}],"curies":[{"name":"wp","href":"https:\/\/api.w.org\/{rel}","templated":true}]}}