{"id":9540,"date":"2016-01-28T12:55:30","date_gmt":"2016-01-28T12:55:30","guid":{"rendered":"http:\/\/rurallascolonias.com.ar\/?p=9540"},"modified":"2016-01-28T14:07:11","modified_gmt":"2016-01-28T14:07:11","slug":"sammartino-en-santa-fe-los-detalles-de-una-visita-esperada-por-los-productores","status":"publish","type":"post","link":"http:\/\/rurallascolonias.com.ar\/?p=9540","title":{"rendered":"Sammartino en Santa Fe: los detalles de una visita esperada por los productores"},"content":{"rendered":"<h2><strong><em><a href=\"http:\/\/rurallascolonias.com.ar\/?attachment_id=9541\" rel=\"attachment wp-att-9541\"><img loading=\"lazy\" class=\"alignleft size-full wp-image-9541\" src=\"http:\/\/rurallascolonias.com.ar\/wp-content\/uploads\/2016\/01\/Sanmartino.jpg\" alt=\"Sanmartino\" width=\"225\" height=\"225\" srcset=\"http:\/\/rurallascolonias.com.ar\/wp-content\/uploads\/2016\/01\/Sanmartino.jpg 225w, http:\/\/rurallascolonias.com.ar\/wp-content\/uploads\/2016\/01\/Sanmartino-150x150.jpg 150w\" sizes=\"(max-width: 225px) 100vw, 225px\" \/><\/a>El Subsecretario de Lecher\u00eda de la Naci\u00f3n estar\u00e1 e nRafaela, Pilar, El Tr\u00e9bol, San Guillermo y Esperanza. Visitar\u00e1 entidades e instituciones y se reunir\u00e1 con dirigentes y productores, decididos a exponer sus problem\u00e1ticas<\/em><\/strong><\/h2>\n<p><!--more--><\/p>\n<p>Intensa actividad desplegar\u00e1 la semana pr\u00f3xima a partir del martes el Subsecretario de Lecher\u00eda Alejandro Sammartino. Seg\u00fan se anticipa, el funcionario cumplir\u00e1 una nueva gira en este caso en la cuenca lechera santafesina (ya lo hizo en C\u00f3rdoba) para escuchar e interiorizarse de las inquietudes y problemas de la coyuntura \u00a0que atraviesan los productores. Tambi\u00e9n se reunir\u00e1 con las distintas entidades representativas del sector y con directivos de la Sociedad Rural de Rafaela, de Las Colonias y de CARSFE.<\/p>\n<p>Sammartino visitar\u00e1 en primer lugar la ciudad de El Tr\u00e9bol y luego estar\u00e1 en San Guillermo. El mi\u00e9rcoles 3 llegar\u00e1 a Rafaela para presidir una importante reuni\u00f3n de productores y brindar una conferencia en la Sociedad Rural; al d\u00eda siguiente, pasar\u00e1 por Pilar para visitar la Cooperativa Agr\u00edcola Ganadera Guillermo Lehmann. Luego tiene previsto conocer las instalaciones del Laboratorio de ALECol concluyendo su gira en Esperanza donde, entre otras actividades, presidir\u00e1 la primera reuni\u00f3n oficial de productores e industriales sentados en una misma mesa.<\/p>\n<p>La llegada del nuevo funcionario ha generado mucha expectativas en la regi\u00f3n dado el dif\u00edcil momento por el que atraviesa el sector primario y el nivel de conflictividad que se viene arrastrando desde el 2015. Con di\u00e1logo abierto con todos los actores involucrados se pretende bajarle decibeles a algunas discusiones est\u00e9riles. El objetivo de la actual gesti\u00f3n de gobierno, aseguran, es aliviar primero este duro momento y buscar consensos inmediatos para trabajar en el ordenamiento definitivo de la lecher\u00eda nacional.<\/p>\n<p><strong>Fuente: Nuestro Agro<\/strong><\/p>\n","protected":false},"excerpt":{"rendered":"<p>El Subsecretario de Lecher\u00eda de la Naci\u00f3n estar\u00e1 e nRafaela, Pilar, El Tr\u00e9bol, San Guillermo y Esperanza. Visitar\u00e1 entidades e instituciones y se reunir\u00e1 con dirigentes y productores, decididos a exponer sus problem\u00e1ticas<\/p>\n","protected":false},"author":5,"featured_media":0,"comment_status":"open","ping_status":"open","sticky":false,"template":"","format":"standard","meta":[],"categories":[1393],"tags":[119,2585],"_links":{"self":[{"href":"http:\/\/rurallascolonias.com.ar\/index.php?rest_route=\/wp\/v2\/posts\/9540"}],"collection":[{"href":"http:\/\/rurallascolonias.com.ar\/index.php?rest_route=\/wp\/v2\/posts"}],"about":[{"href":"http:\/\/rurallascolonias.com.ar\/index.php?rest_route=\/wp\/v2\/types\/post"}],"author":[{"embeddable":true,"href":"http:\/\/rurallascolonias.com.ar\/index.php?rest_route=\/wp\/v2\/users\/5"}],"replies":[{"embeddable":true,"href":"http:\/\/rurallascolonias.com.ar\/index.php?rest_route=%2Fwp%2Fv2%2Fcomments&post=9540"}],"version-history":[{"count":1,"href":"http:\/\/rurallascolonias.com.ar\/index.php?rest_route=\/wp\/v2\/posts\/9540\/revisions"}],"predecessor-version":[{"id":9542,"href":"http:\/\/rurallascolonias.com.ar\/index.php?rest_route=\/wp\/v2\/posts\/9540\/revisions\/9542"}],"wp:attachment":[{"href":"http:\/\/rurallascolonias.com.ar\/index.php?rest_route=%2Fwp%2Fv2%2Fmedia&parent=9540"}],"wp:term":[{"taxonomy":"category","embeddable":true,"href":"http:\/\/rurallascolonias.com.ar\/index.php?rest_route=%2Fwp%2Fv2%2Fcategories&post=9540"},{"taxonomy":"post_tag","embeddable":true,"href":"http:\/\/rurallascolonias.com.ar\/index.php?rest_route=%2Fwp%2Fv2%2Ftags&post=9540"}],"curies":[{"name":"wp","href":"https:\/\/api.w.org\/{rel}","templated":true}]}}