{"id":9526,"date":"2016-01-27T10:48:10","date_gmt":"2016-01-27T10:48:10","guid":{"rendered":"http:\/\/rurallascolonias.com.ar\/?p=9526"},"modified":"2016-01-27T11:50:46","modified_gmt":"2016-01-27T11:50:46","slug":"buryaile-la-produccion-tuvo-un-deterioro-inmenso-en-los-ultimos-12-anos","status":"publish","type":"post","link":"http:\/\/rurallascolonias.com.ar\/?p=9526","title":{"rendered":"Buryaile: \u00abla producci\u00f3n tuvo un deterioro inmenso en los \u00faltimos 12 a\u00f1os\u00bb"},"content":{"rendered":"<p><strong><em><\/em><\/strong><\/p>\n<h2><em><a href=\"http:\/\/rurallascolonias.com.ar\/?attachment_id=9256\" rel=\"attachment wp-att-9256\"><img loading=\"lazy\" class=\"aligncenter size-full wp-image-9256\" src=\"http:\/\/rurallascolonias.com.ar\/wp-content\/uploads\/2016\/01\/BURYAILE-4.jpg\" alt=\"BURYAILE 4\" width=\"275\" height=\"183\" \/><\/a>El ministro de Agroindustria habl\u00f3 sobre las medidas del nuevo Gobierno y defendi\u00f3 a la soja: \u00abse estigmatiz\u00f3 en la Argentina. El productor de soja es como cualquier otro que vio la posibilidad e invirti\u00f3\u00bb<\/em><\/h2>\n<p><!--more--><\/p>\n<p>El ministro de Agroindustria, Ricardo Buryaile, asegur\u00f3 que\u00a0\u00abla producci\u00f3n tuvo un proceso de deterioro inmenso en estos \u00faltimos 12 a\u00f1os\u00bb.Adem\u00e1s, se\u00f1al\u00f3: \u00abvenimos de cuatro a\u00f1os de no crecer y no generar empleo, hubo problemas con las reservas, con las importaciones y las exportaciones y el presidente Macri unific\u00f3 el sistema de cambios. Son desaf\u00edos econ\u00f3micos. La reactivaci\u00f3n y el crecimiento no son a corto plazo sino al mediano plazo\u00bb.<\/p>\n<p>Y agreg\u00f3 luego que \u00abhay muchos sectores que reclaman soluciones pero no miramos con preconcepto al sector ni a quienes nos critican. Nos sentamos a hablar porque entendemos que aunque reclaman no son enemigos\u00bb.<\/p>\n<p>En relaci\u00f3n a la suba de los productos destac\u00f3 que \u00abla unificaci\u00f3n del tipo de cambio no se traslad\u00f3 en proporci\u00f3n a los precios. Hay un desaceleraci\u00f3n de la inflaci\u00f3n en un principio\u00bb y a\u00f1adi\u00f3: \u00abNo estamos contentos con la inflaci\u00f3n pero estamos mejor que lo que algunos pensaban\u00bb.<\/p>\n<p>Sobre las medidas en las que se trabaja Buryaile sostuvo en declaraciones en TN que \u00abtenemos como objetivo continuar con los Precios Cuidados, trabajamos en la Ley de la Competencia y tomamos acciones para que la gente no pierda poder adquisitivo como sacar el IVA a quienes reciban planes sociales\u00bb.<\/p>\n<p>Para finalizar destac\u00f3 que \u00abse estigmatiz\u00f3 la producci\u00f3n de soja en la Argentina. El productor de soja es como cualquier otro que vio la posibilidad e invirti\u00f3. Es un producto que no tiene consumo interno y tiene a\u00fan un 30% de retenciones, hoy todav\u00eda es rentable\u00bb.<\/p>\n<p>Fuente: Nuestroagro<\/p>\n","protected":false},"excerpt":{"rendered":"<p>El ministro de Agroindustria habl\u00f3 sobre las medidas del nuevo Gobierno y defendi\u00f3 a la soja: \u00abse estigmatiz\u00f3 en la Argentina. El productor de soja es como cualquier otro que vio la posibilidad e invirti\u00f3\u00bb<\/p>\n","protected":false},"author":5,"featured_media":0,"comment_status":"open","ping_status":"open","sticky":false,"template":"","format":"standard","meta":[],"categories":[14],"tags":[2490,2448],"_links":{"self":[{"href":"http:\/\/rurallascolonias.com.ar\/index.php?rest_route=\/wp\/v2\/posts\/9526"}],"collection":[{"href":"http:\/\/rurallascolonias.com.ar\/index.php?rest_route=\/wp\/v2\/posts"}],"about":[{"href":"http:\/\/rurallascolonias.com.ar\/index.php?rest_route=\/wp\/v2\/types\/post"}],"author":[{"embeddable":true,"href":"http:\/\/rurallascolonias.com.ar\/index.php?rest_route=\/wp\/v2\/users\/5"}],"replies":[{"embeddable":true,"href":"http:\/\/rurallascolonias.com.ar\/index.php?rest_route=%2Fwp%2Fv2%2Fcomments&post=9526"}],"version-history":[{"count":1,"href":"http:\/\/rurallascolonias.com.ar\/index.php?rest_route=\/wp\/v2\/posts\/9526\/revisions"}],"predecessor-version":[{"id":9527,"href":"http:\/\/rurallascolonias.com.ar\/index.php?rest_route=\/wp\/v2\/posts\/9526\/revisions\/9527"}],"wp:attachment":[{"href":"http:\/\/rurallascolonias.com.ar\/index.php?rest_route=%2Fwp%2Fv2%2Fmedia&parent=9526"}],"wp:term":[{"taxonomy":"category","embeddable":true,"href":"http:\/\/rurallascolonias.com.ar\/index.php?rest_route=%2Fwp%2Fv2%2Fcategories&post=9526"},{"taxonomy":"post_tag","embeddable":true,"href":"http:\/\/rurallascolonias.com.ar\/index.php?rest_route=%2Fwp%2Fv2%2Ftags&post=9526"}],"curies":[{"name":"wp","href":"https:\/\/api.w.org\/{rel}","templated":true}]}}