{"id":9449,"date":"2016-01-19T09:15:27","date_gmt":"2016-01-19T09:15:27","guid":{"rendered":"http:\/\/rurallascolonias.com.ar\/?p=9449"},"modified":"2016-01-19T15:19:38","modified_gmt":"2016-01-19T15:19:38","slug":"el-gobierno-rehabilito-la-importacion-temporaria-de-soja","status":"publish","type":"post","link":"http:\/\/rurallascolonias.com.ar\/?p=9449","title":{"rendered":"El Gobierno rehabilit\u00f3 la importaci\u00f3n temporaria de soja"},"content":{"rendered":"<p><strong><em><a href=\"http:\/\/rurallascolonias.com.ar\/wp-content\/uploads\/2016\/01\/importaci\u00f3n-de-soja.jpg\"><img loading=\"lazy\" class=\"aligncenter size-full wp-image-9450\" src=\"http:\/\/rurallascolonias.com.ar\/wp-content\/uploads\/2016\/01\/importaci\u00f3n-de-soja.jpg\" alt=\"importaci\u00f3n de soja\" width=\"299\" height=\"169\" \/><\/a>Por una resoluci\u00f3n, se dej\u00f3 sin efecto la prohibici\u00f3n de importar soja que reg\u00eda desde 2009. Dicen que es para optimizar la capacidad industrial y mejorar el agregado de valor<\/em><\/strong><!--more--><\/p>\n<div class=\"vsmcontent\">\n<p>Algunos lo consideran un gesto m\u00e1s del retorno a la \u00abnormalidad\u00bb que enarbola el gobierno de Mauricio Macri, otros lo ven como una respuesta directa al adelanto de los d\u00f3lares de exportaciones futuras que hicieron las cerealeras apenas se sali\u00f3 del cepo, y otros lo consideran como cierta presi\u00f3n hacia los productores que aun tienen unas 7 millones de toneladas de la oleaginosa \u00abvieja\u00bb en su poder.<\/p>\n<p>Lo cierto es que a trav\u00e9s de una resoluci\u00f3n conjunta de los ministerios de Producci\u00f3n y de Hacienda y Finanzas, publicado ayer en el Bolet\u00edn Oficial, se dej\u00f3 sin efecto la prohibici\u00f3n para la importaci\u00f3n temporaria de soja sin procesar desde otros pa\u00edses del Mercosur, que la administraci\u00f3n kirchnerista hab\u00eda puesto en marcha hace siete a\u00f1os.<\/p>\n<p>Las importaciones temporarias, que en el pasado se hac\u00edan principalmente desde Paraguay, y en menor medida desde Uruguay, apuntan a que el polo aceitero y oleaginoso de Rosario, donde se producen aceite, harina y pellets de soja para su posterior exportaci\u00f3n, cuenten con insumos suficientes como para que la capacidad instalada tenga \u00abplena ocupaci\u00f3n\u00bb.<\/p>\n<p>La medida llega luego de que desde el propio Gobierno se expres\u00f3 preocupaci\u00f3n por las demoras en la comercializaci\u00f3n de la cosecha vieja, que se mantienen desde hace semanas.<\/p>\n<p>En los considerandos de la resoluci\u00f3n, se enfatiz\u00f3 que por \u00abla experiencia recogida y el actual contexto econ\u00f3mico, corresponde tomar medidas que permitan impulsar la actividad agroindustrial y la generaci\u00f3n de valor agregado en territorio nacional, as\u00ed como la plena ocupaci\u00f3n de la capacidad instalada con la consecuente generaci\u00f3n de empleo, sin que ello implique atentar contra la producci\u00f3n nacional de soja\u00bb.<\/p>\n<p>En la resoluci\u00f3n conjunta firmada por Francisco Cabrera y Alfonso Prat Gay se remarc\u00f3 que la apertura es de \u00abimportaci\u00f3n temporaria para el perfeccionamiento industrial\u00bb de las aceiteras.<\/p>\n<p>Seg\u00fan datos oficiales, en los primeros once meses de 2015, la molienda de soja alcanz\u00f3 algo m\u00e1s de 38,2 millones de toneladas, apenas 0,8% por encima del procesamiento alcanzado entre enero y noviembre de 2014.<\/p>\n<p>La molienda de noviembre \u00faltimo, en tanto, fue de poco m\u00e1s de 2,9 millones de toneladas, contra las 3,2 millones de toneladas que se hab\u00edan procesado en el mismo mes de 2014.<\/p>\n<p>Esa situaci\u00f3n se produjo en medio de una retenci\u00f3n por parte de los productores que, pasado el ballotage y con el triunfo de Mauricio Macri, la baja de las retenciones y la devaluaci\u00f3n, persiste en niveles altos, y hasta el propio Gobierno sali\u00f3 a pedirle a los sojeros que comercialicen su producci\u00f3n. Los meses de verano suelen ser los que, adem\u00e1s de exportaciones de ma\u00edz y trigo, los subproductores de la soja son los generadores de divisas, antes del pico de venta de oleaginosa sin procesar que se da cuando ingresa la cosecha nueva al circuito comercial, entre abril y junio.<\/p>\n<p>Para Mariano Balestra, vicedirector ejecutivo de KPMG Agronegocios, la medida \u00abes muy acertada y permite acelerar la reactivaci\u00f3n de la producci\u00f3n de aceite, harina y pellets de soja\u00bb.<\/p>\n<p>El corredor Javier Buj\u00e1n, desde su cuenta de twitter, se pregunt\u00f3 si la medida no traer\u00e1 bajas al precio local de la oleaginosa y plante\u00f3 si era necesaria en momentos en que el stock de la campa\u00f1a vieja est\u00e1 entre 16 y 21 millones seg\u00fan los propios datos del Ministerio de Agroindustria.<\/p>\n<\/div>\n<div class=\"copyright\">\n<div class=\"author\">Cronista Comercial<\/div>\n<\/div>\n","protected":false},"excerpt":{"rendered":"<p>Por una resoluci\u00f3n, se dej\u00f3 sin efecto la prohibici\u00f3n de importar soja que reg\u00eda desde 2009. Dicen que es para optimizar la capacidad industrial y mejorar el agregado de valor<\/p>\n","protected":false},"author":5,"featured_media":0,"comment_status":"open","ping_status":"open","sticky":false,"template":"","format":"standard","meta":[],"categories":[130],"tags":[176,2565],"_links":{"self":[{"href":"http:\/\/rurallascolonias.com.ar\/index.php?rest_route=\/wp\/v2\/posts\/9449"}],"collection":[{"href":"http:\/\/rurallascolonias.com.ar\/index.php?rest_route=\/wp\/v2\/posts"}],"about":[{"href":"http:\/\/rurallascolonias.com.ar\/index.php?rest_route=\/wp\/v2\/types\/post"}],"author":[{"embeddable":true,"href":"http:\/\/rurallascolonias.com.ar\/index.php?rest_route=\/wp\/v2\/users\/5"}],"replies":[{"embeddable":true,"href":"http:\/\/rurallascolonias.com.ar\/index.php?rest_route=%2Fwp%2Fv2%2Fcomments&post=9449"}],"version-history":[{"count":1,"href":"http:\/\/rurallascolonias.com.ar\/index.php?rest_route=\/wp\/v2\/posts\/9449\/revisions"}],"predecessor-version":[{"id":9451,"href":"http:\/\/rurallascolonias.com.ar\/index.php?rest_route=\/wp\/v2\/posts\/9449\/revisions\/9451"}],"wp:attachment":[{"href":"http:\/\/rurallascolonias.com.ar\/index.php?rest_route=%2Fwp%2Fv2%2Fmedia&parent=9449"}],"wp:term":[{"taxonomy":"category","embeddable":true,"href":"http:\/\/rurallascolonias.com.ar\/index.php?rest_route=%2Fwp%2Fv2%2Fcategories&post=9449"},{"taxonomy":"post_tag","embeddable":true,"href":"http:\/\/rurallascolonias.com.ar\/index.php?rest_route=%2Fwp%2Fv2%2Ftags&post=9449"}],"curies":[{"name":"wp","href":"https:\/\/api.w.org\/{rel}","templated":true}]}}