{"id":9435,"date":"2016-01-19T10:44:36","date_gmt":"2016-01-19T10:44:36","guid":{"rendered":"http:\/\/rurallascolonias.com.ar\/?p=9435"},"modified":"2016-01-19T10:44:36","modified_gmt":"2016-01-19T10:44:36","slug":"vionnet-no-vamos-a-permitir-que-productores-dejen-la-actividad","status":"publish","type":"post","link":"http:\/\/rurallascolonias.com.ar\/?p=9435","title":{"rendered":"Vionnet: \u00abNo vamos a permitir que productores dejen la actividad\u00bb"},"content":{"rendered":"<p><a href=\"http:\/\/rurallascolonias.com.ar\/wp-content\/uploads\/2016\/01\/SAM_0514.jpg\"><img loading=\"lazy\" class=\"wp-image-9439 size-medium\" src=\"http:\/\/rurallascolonias.com.ar\/wp-content\/uploads\/2016\/01\/SAM_0514-300x225.jpg\" alt=\"SAMSUNG CAMERA PICTURES\" width=\"300\" height=\"225\" srcset=\"http:\/\/rurallascolonias.com.ar\/wp-content\/uploads\/2016\/01\/SAM_0514-300x225.jpg 300w, http:\/\/rurallascolonias.com.ar\/wp-content\/uploads\/2016\/01\/SAM_0514-1024x768.jpg 1024w, http:\/\/rurallascolonias.com.ar\/wp-content\/uploads\/2016\/01\/SAM_0514-600x450.jpg 600w, http:\/\/rurallascolonias.com.ar\/wp-content\/uploads\/2016\/01\/SAM_0514-624x468.jpg 624w\" sizes=\"(max-width: 300px) 100vw, 300px\" \/><\/a><\/p>\n<p><em><strong>En las primeras horas de la tarde de ayer se realiz\u00f3 una importante reuni\u00f3n entre los principales miembros de la Comisi\u00f3n de Lecher\u00eda de Carsfe, encabezada por su Presidente Ing. Gustavo Vionnet y los coordinadores de Lecher\u00eda de CRA y Carsfe, Eduardo Garc\u00eda Maritano y Pedro Rostagno respectivamente. \u00a0El encuentro tuvo lugar en Sede de la Sociedad Rural de Las Colonias<\/strong><\/em><!--more--><\/p>\n<p>Posterior a la reuni\u00f3n, los dirigentes realizaron una conferencia de prensa con el objetivo de informar el estado en el que se encuentran los productores de leche en este momento: una situaci\u00f3n sumamente cr\u00edtica.<\/p>\n<p><a href=\"http:\/\/rurallascolonias.com.ar\/wp-content\/uploads\/2016\/01\/SAM_0516.jpg\"><img loading=\"lazy\" class=\"wp-image-9440 size-medium\" src=\"http:\/\/rurallascolonias.com.ar\/wp-content\/uploads\/2016\/01\/SAM_0516-300x225.jpg\" alt=\"SAMSUNG CAMERA PICTURES\" width=\"300\" height=\"225\" srcset=\"http:\/\/rurallascolonias.com.ar\/wp-content\/uploads\/2016\/01\/SAM_0516-300x225.jpg 300w, http:\/\/rurallascolonias.com.ar\/wp-content\/uploads\/2016\/01\/SAM_0516-1024x768.jpg 1024w, http:\/\/rurallascolonias.com.ar\/wp-content\/uploads\/2016\/01\/SAM_0516-600x450.jpg 600w, http:\/\/rurallascolonias.com.ar\/wp-content\/uploads\/2016\/01\/SAM_0516-624x468.jpg 624w\" sizes=\"(max-width: 300px) 100vw, 300px\" \/><\/a><\/p>\n<p>Hoy con un nuevo Gobierno que gener\u00f3 una propuesta \u00a0a treinta d\u00edas de haber asumido, viene a cambiar un largo per\u00edodo que no favoreci\u00f3 a los productores agropecuarios en Argentina -menos a los productores lecheros. \u00a0Al respecto, Vionnet agreg\u00f3 que \u00abA esa propuesta hay que enriquecerla, hay que agregarle mayor contenido a medida que pase el tiempo porque entendemos que hay eslabones de la cadena que todav\u00eda pueden hacer esfuerzos para mejorar esa propuesta a los productores\u00bb. Y agreg\u00f3 \u00abqueremos advertir, justamente, que es necesario que cada eslab\u00f3n haga su esfuerzo en transparentar las relaciones con el resto de la cadena; es decir, qu\u00e9 capacidad de pago tiene la industria, a cu\u00e1nto vende \u00e9sta y a cu\u00e1nto paga el consumidor cada uno de los productos ya que los consumidores est\u00e1n pagando muy bien los l\u00e1cteos en nuestro pa\u00eds pero los productores se est\u00e1n fundiendo, mientras que algunos eslabones se est\u00e1n enriqueciendo\u00bb.<\/p>\n<p>\u00abVamos a salir a denunciarlos permanentemente -advirti\u00f3 el Presidente de Carsfe- porque sabemos y vemos que hay posibilidades de hacerlo; es decir, hay posibilidades de que la industria pague m\u00e1s de lo que paga, hay posibilidades de que los supermercadistas dejen de trabajar con los m\u00e1rgenes que trabaja y hay posibilidades del Estado de que transparente estas relaciones de precios por ejemplo, public\u00e1ndolos\u00bb.<\/p>\n<p>\u00abEl Gobierno debe hacer cumplir las leyes -agreg\u00f3 Garc\u00eda Maritano- y dentro de las leyes vigentes est\u00e1n las condiciones bajo las cuales hay que transaccionar: precios de referencia, un est\u00e1ndar, una contrataci\u00f3n formalizada donde las partes sepan a qu\u00e9 atenerse. Lo cierto es que si la Lecher\u00eda sigue sin tener este tipo de referencia vamos camino a la extinci\u00f3n\u00bb se lament\u00f3 el dirigente.<\/p>\n<p>Es importante destacar que Argentina cambi\u00f3. No estamos m\u00e1s en una Argentina que produce apenas lo necesario para el mercado interno. Hace m\u00e1s de diez a\u00f1os que hay producciones de leche por arriba de la capacidad de consumo de productos l\u00e1cteos, por lo tanto, la cadena se arma desde los precios, desde la demanda y no desde originar \u00a0materia prima. \u00abO Argentina decide crecer abasteciendo al mercado interno y exportando o se achica irremediablemente -agreg\u00f3 Garc\u00eda Maritano. \u00abSi queremos hacer de la Lecher\u00eda un rubro de producci\u00f3n agropecuaria valiosa, hay que tener mercados institucionalizados\u00bb.<\/p>\n<p>Sociedad Rural de Las Colonias<\/p>\n","protected":false},"excerpt":{"rendered":"<p>En las primeras horas de la tarde de ayer se realiz\u00f3 una importante reuni\u00f3n entre los principales miembros de la Comisi\u00f3n de Lecher\u00eda de Carsfe, encabezada por su Presidente Ing. Gustavo Vionnet y los coordinadores de Lecher\u00eda de CRA y Carsfe, Eduardo Garc\u00eda Maritano y Pedro Rostagno respectivamente. \u00a0El encuentro tuvo lugar en Sede de [&hellip;]<\/p>\n","protected":false},"author":5,"featured_media":0,"comment_status":"open","ping_status":"open","sticky":false,"template":"","format":"standard","meta":[],"categories":[46],"tags":[2561,74],"_links":{"self":[{"href":"http:\/\/rurallascolonias.com.ar\/index.php?rest_route=\/wp\/v2\/posts\/9435"}],"collection":[{"href":"http:\/\/rurallascolonias.com.ar\/index.php?rest_route=\/wp\/v2\/posts"}],"about":[{"href":"http:\/\/rurallascolonias.com.ar\/index.php?rest_route=\/wp\/v2\/types\/post"}],"author":[{"embeddable":true,"href":"http:\/\/rurallascolonias.com.ar\/index.php?rest_route=\/wp\/v2\/users\/5"}],"replies":[{"embeddable":true,"href":"http:\/\/rurallascolonias.com.ar\/index.php?rest_route=%2Fwp%2Fv2%2Fcomments&post=9435"}],"version-history":[{"count":4,"href":"http:\/\/rurallascolonias.com.ar\/index.php?rest_route=\/wp\/v2\/posts\/9435\/revisions"}],"predecessor-version":[{"id":9441,"href":"http:\/\/rurallascolonias.com.ar\/index.php?rest_route=\/wp\/v2\/posts\/9435\/revisions\/9441"}],"wp:attachment":[{"href":"http:\/\/rurallascolonias.com.ar\/index.php?rest_route=%2Fwp%2Fv2%2Fmedia&parent=9435"}],"wp:term":[{"taxonomy":"category","embeddable":true,"href":"http:\/\/rurallascolonias.com.ar\/index.php?rest_route=%2Fwp%2Fv2%2Fcategories&post=9435"},{"taxonomy":"post_tag","embeddable":true,"href":"http:\/\/rurallascolonias.com.ar\/index.php?rest_route=%2Fwp%2Fv2%2Ftags&post=9435"}],"curies":[{"name":"wp","href":"https:\/\/api.w.org\/{rel}","templated":true}]}}