{"id":9431,"date":"2016-01-18T10:09:13","date_gmt":"2016-01-18T10:09:13","guid":{"rendered":"http:\/\/rurallascolonias.com.ar\/?p=9431"},"modified":"2016-01-18T16:19:12","modified_gmt":"2016-01-18T16:19:12","slug":"la-inundacion-anega-a-cordoba-y-santa-fe-por-falta-de-obras","status":"publish","type":"post","link":"http:\/\/rurallascolonias.com.ar\/?p=9431","title":{"rendered":"La inundaci\u00f3n anega a C\u00f3rdoba y Santa Fe por falta de obras"},"content":{"rendered":"<p><strong><em><a href=\"http:\/\/rurallascolonias.com.ar\/wp-content\/uploads\/2016\/01\/inundaciones-5.jpg\"><img loading=\"lazy\" class=\"aligncenter size-full wp-image-9432\" src=\"http:\/\/rurallascolonias.com.ar\/wp-content\/uploads\/2016\/01\/inundaciones-5.jpg\" alt=\"inundaciones 5\" width=\"272\" height=\"185\" \/><\/a>Hay unas 200.000 hect\u00e1reas afectadas s\u00f3lo en territorio cordob\u00e9s; los productores reclaman una mayor planificaci\u00f3n y acciones conjuntas entre el gobierno nacional y las provincias<\/em><\/strong><!--more--><\/p>\n<p class=\"primero\">C\u00f3rdoba- Hace casi 20 a\u00f1os un furcio period\u00edstico atribuy\u00f3 al entonces ministro Domingo Cavallo la idea de que los productores agropecuarios que se quejaban de las inundaciones \u00abse dediquen a pescar pejerreyes y bagres\u00bb. No la hab\u00eda dicho \u00e9l, sino un economista-imitador, Juan Carlos Kuznir, del equipo de la Fundaci\u00f3n Mediterr\u00e1nea. Hoy, en Marcos Ju\u00e1rez, los sobrinos del tambero Alejandro Galiano pescan en el campo; no pejerreyes, pero s\u00ed mojarritas.<\/p>\n<aside class=\"banner caja2\" data-adpos=\"caja2\">\n<div id=\"eplAdDivcaja2\"><\/div>\n<\/aside>\n<p>Unas 200.000 hect\u00e1reas est\u00e1n anegadas en el sur y sureste de C\u00f3rdoba (departamentos de Marcos Ju\u00e1rez, General Roca, Uni\u00f3n, Ju\u00e1rez Celman y S\u00e1enz Pe\u00f1a). Las tierras de Marcos Ju\u00e1rez est\u00e1n entre las m\u00e1s caras del pa\u00eds, 20.000 d\u00f3lares promedio la hect\u00e1rea. La presencia de agua no se explica s\u00f3lo por las lluvias de las \u00faltimas semanas: hay campos que tienen complicaciones desde hace m\u00e1s de un a\u00f1o, lo que revela severas deficiencias de infraestructura.<\/p>\n<p>La situaci\u00f3n es similar en Santa Fe, sobre todo desde el sur de Rosario hasta Rufino; los consultados la definen como \u00abca\u00f3tica\u00bb. En el l\u00edmite, cordobeses y santafecinos cruzan acusaciones sobre qui\u00e9n inunda a qui\u00e9n. Hacia el suroeste de C\u00f3rdoba -pegado a San Luis- tambi\u00e9n hay problemas. Un nuevo r\u00edo surgi\u00f3 en las cercan\u00edas de Chaj\u00e1n. Sergio Etchepare, del consorcio caminero de la localidad, explica que comienza en el cerro La Paraguaya y recorre 12 kil\u00f3metros hasta la Ruta Nacional 8 y otros 12 m\u00e1s hacia el Sur, hasta desembocar en el r\u00edo Chaj\u00e1n.<\/p>\n<aside class=\"banner caja3\" data-adpos=\"caja3\">\n<div id=\"eplAdDivcaja3\"><\/div>\n<\/aside>\n<p>El nuevo r\u00edo apareci\u00f3 en noviembre, despu\u00e9s de una serie de fuertes lluvias, y ser\u00eda consecuencia de la modificaci\u00f3n del suelo y la suba de las napas fre\u00e1ticas. Hay unos 10 campos anegados.<\/p>\n<p>No hay a\u00fan una cuantificaci\u00f3n de las p\u00e9rdidas, pero los ruralistas advierten que \u00ablo peor no lleg\u00f3\u00bb. Esperan el pico para abril y estiman que el 30 por ciento de la soja sembrada se perder\u00e1. \u00abEl impacto econ\u00f3mico ser\u00e1 grande; el trigo se pudo cosechar con problemas; lo nuevo viene muy complicado y los tambos la llevan muy mal\u00bb, resume a LA NACION Gabriel De Raedemaeker, vicepresidente de la Confederaci\u00f3n de Asociaciones Rurales de la Tercera Zona (Cartez).<\/p>\n<aside class=\"banner caja4\" data-adpos=\"caja4\">\n<div id=\"eplAdDivcaja4\"><\/div>\n<\/aside>\n<p>Gustavo Vionnet, presidente de Confederaci\u00f3n de Asociaciones Rurales de Santa Fe (Carsfe), se\u00f1ala que su provincia es hist\u00f3ricamente \u00abde paso de agua\u00bb, pero que las inundaciones se agudizaron por el monocultivo de soja (\u00ablos suelos absorben la mitad de lo que cae por falta de siembra de invierno\u00bb) y por la falta de infraestructura: \u00abHay que pensar las obras como macro cuencas; hacer estudios t\u00e9cnicos para determinar c\u00f3mo debe entrar y salir el agua\u00bb.<\/p>\n<p>El gobernador cordob\u00e9s, Juan Schiaretti, anunci\u00f3 que declarar\u00e1 zona de emergencia o de desastre el sur y sureste de la provincia, mientras su ministro de Agricultura, Sergio Busso, confirm\u00f3 que gestionar\u00e1 un fondo de emergencia ante la Naci\u00f3n y adelant\u00f3 el compromiso de convocar al Comit\u00e9 de Cuenca de la laguna La Picasa, para interactuar junto a Buenos Aires y Santa Fe.<\/p>\n<p>En 2006, por un acuerdo de las tres provincias, se puso en marcha un plan que incluy\u00f3 un sistema de bombeo y la construcci\u00f3n -a cargo de la Naci\u00f3n- de siete obras de regulaci\u00f3n. El proyecto no se termin\u00f3 y los problemas siguen.<\/p>\n<p>Hugo Biga, presidente de la Asociaci\u00f3n de Productores Rurales de Marcos Ju\u00e1rez, recuerda que desde 1992 el problema es recurrente: \u00abHay problemas concretos de obras, desde canales clandestinos hasta trabajos inconclusos\u00bb.<\/p>\n<p>La entidad especifica puntos cr\u00edticos: el canal San Antonio es de la d\u00e9cada del 40, la cantidad de agua que recibe se multiplic\u00f3 por cuatro, el embalse de ese desaguadero est\u00e1 por la mitad y los alrededores, inundados; un puente sobre la autopista C\u00f3rdoba-Rosario es 25 por ciento m\u00e1s angosto que el que est\u00e1 sobre la Ruta 9, lo que hace un embudo; tres canales de 35 metros desembocan en uno de 15 metros.<\/p>\n<p>\u00abLa infraestructura qued\u00f3 chica hace a\u00f1os\u00bb, resume Biga. De Raedemaeker insiste en que \u00abhay que encarar la sistematizaci\u00f3n de la cuenca; no hay un estudio completo ni una planificaci\u00f3n integral. Uno se saca el agua y se la manda al de al lado\u00bb.<\/p>\n<p>Hace meses que los caminos son arroyos. Antonio Picca, presidente de la Asociaci\u00f3n de Consorcios Camineros (atiende 59.000 kil\u00f3metros con unos $600 millones anuales), apunta que a las lluvias por encima de los promedios, se le suman los trazados m\u00e1s bajos que los campos y la desforestaci\u00f3n, por lo que hay un trasvasamiento de cuenca.<\/p>\n<p>\u00abHay que sistematizar la provincia para que el agua quede en el lugar que cae; hacer lagunas de contenci\u00f3n, rotar cultivos. Tenemos que comprometernos todos y que sea una pol\u00edtica de Estado. No es juntarnos cuando tenemos el agua al cuello\u00bb, define ante LA NACION.<\/p>\n<h2>Da\u00f1o a largo plazo<\/h2>\n<p>El campo cordob\u00e9s plante\u00f3 que el aumento de la presi\u00f3n impositiva sobre el sector requer\u00eda una mejora de la infraestructura. Este a\u00f1o, el impuesto inmobiliario rural subi\u00f3 el 32% promedio y aportar\u00e1 unos 2500 millones de pesos. Hay tambi\u00e9n tasas espec\u00edficas para el mantenimiento de caminos secundarios y consorcios canaleros.<\/p>\n<p>Ni el ministro de Infraestructura, Fabi\u00e1n L\u00f3pez ni el secretario de Recursos H\u00eddricos de C\u00f3rdoba, Edgar Castel\u00f3, respondieron a los pedidos de la nacion para conocer los planes en marcha y las respuestas a los reclamos de los productores.<\/p>\n<p>Pedro Dellarossa, intendente de Marcos Ju\u00e1rez, afirma que \u00abhay un compromiso con Santa Fe de dragar el canal San Antonio para darle capacidad de desagote\u00bb, pero admite que hace d\u00e9cadas que, por desencuentros pol\u00edticos, presupuestos escasos o desidia, \u00abel agua convive con la gente en la zona\u00bb.<\/p>\n<p>De Raedemaker y Vionnet coinciden en que la mirada en compartimentos estancos no va m\u00e1s; piden un trabajo coordinado y que la Naci\u00f3n arbitre si no hay consensos. \u00abLa productividad de los campos cae fuerte y la vida de los pueblos queda en riesgo. Al desaparecer el Estado, los productores buscan resolverlo solos, y esa no es la manera\u00bb, dicen.<\/p>\n<p>En Jovita (General Roca), el productor Jos\u00e9 Rossi plantea que en la \u00faltima d\u00e9cada abundaron las reuniones e incluso hubo un estudio de la Universidad Nacional de R\u00edo Cuarto, \u00abpero no se termin\u00f3 nada\u00bb. En Ju\u00e1rez Celman, Huanchilla es el nodo de los problemas. Los tamberos llevan semanas sin pr\u00e1cticamente poder retirar la producci\u00f3n. \u00abEl tiempo pasa y los problemas son los mismos\u00bb, resume Hern\u00e1n Gherzi, presidente de la Cooperativa de Tamberos.<\/p>\n<p>Galiano y sus vecinos llevan gastados m\u00e1s de $600.000 en el \u00faltimo mes en camiones de escombros para tratar de transitar los caminos. La producci\u00f3n de leche ya cay\u00f3 alrededor del 25 por ciento. Una planta de ma\u00edz pisingallo armada hace ocho a\u00f1os para exportar est\u00e1 sin actividad porque hace un tiempo no se puede ingresar al edificio. Lleva varias inundaciones en su haber.<\/p>\n<h2>El impacto de la inundaci\u00f3n en el campo<\/h2>\n<p><b>30%<\/b><\/p>\n<p>p\u00e9rdidas<\/p>\n<p><b>Menos soja<\/b><\/p>\n<p>Es el porcentaje de la siembra de la oleaginosa que, estima Cartez, no se cosechar\u00e1 en abril, cuando se produzca el pico de la inundaci\u00f3n<\/p>\n<p><b>Falta de obras<\/b><\/p>\n<p>En 2006, se puso en marcha un plan que incluy\u00f3 un sistema de bombeo y la construcci\u00f3n de siete obras de regulaci\u00f3n de aguas; el proyecto no se termin\u00f3, se quejan los productores<\/p>\n<p><b>32%<\/b><\/p>\n<p>impuestos<\/p>\n<p><b>El peso para el campo<\/b><\/p>\n<p>Es el aumento que sufri\u00f3 este a\u00f1o la al\u00edcuota del Inmobiliario Rural en C\u00f3rdoba. El campo reclam\u00f3 una mejora de la infraestructura acorde con la mayor presi\u00f3n<\/p>\n<div class=\"texto-destacado\">\n<hr \/>\n<p><em>Del editor: c\u00f3mo sigue. Los productores reclaman que la \u00fanica forma de evitar nuevas inundaciones es que las obras se conviertan en una pol\u00edtica de Estado.<\/em><\/div>\n","protected":false},"excerpt":{"rendered":"<p>Hay unas 200.000 hect\u00e1reas afectadas s\u00f3lo en territorio cordob\u00e9s; los productores reclaman una mayor planificaci\u00f3n y acciones conjuntas entre el gobierno nacional y las provincias<\/p>\n","protected":false},"author":5,"featured_media":0,"comment_status":"open","ping_status":"open","sticky":false,"template":"","format":"standard","meta":[],"categories":[42],"tags":[683,682,704,119],"_links":{"self":[{"href":"http:\/\/rurallascolonias.com.ar\/index.php?rest_route=\/wp\/v2\/posts\/9431"}],"collection":[{"href":"http:\/\/rurallascolonias.com.ar\/index.php?rest_route=\/wp\/v2\/posts"}],"about":[{"href":"http:\/\/rurallascolonias.com.ar\/index.php?rest_route=\/wp\/v2\/types\/post"}],"author":[{"embeddable":true,"href":"http:\/\/rurallascolonias.com.ar\/index.php?rest_route=\/wp\/v2\/users\/5"}],"replies":[{"embeddable":true,"href":"http:\/\/rurallascolonias.com.ar\/index.php?rest_route=%2Fwp%2Fv2%2Fcomments&post=9431"}],"version-history":[{"count":1,"href":"http:\/\/rurallascolonias.com.ar\/index.php?rest_route=\/wp\/v2\/posts\/9431\/revisions"}],"predecessor-version":[{"id":9433,"href":"http:\/\/rurallascolonias.com.ar\/index.php?rest_route=\/wp\/v2\/posts\/9431\/revisions\/9433"}],"wp:attachment":[{"href":"http:\/\/rurallascolonias.com.ar\/index.php?rest_route=%2Fwp%2Fv2%2Fmedia&parent=9431"}],"wp:term":[{"taxonomy":"category","embeddable":true,"href":"http:\/\/rurallascolonias.com.ar\/index.php?rest_route=%2Fwp%2Fv2%2Fcategories&post=9431"},{"taxonomy":"post_tag","embeddable":true,"href":"http:\/\/rurallascolonias.com.ar\/index.php?rest_route=%2Fwp%2Fv2%2Ftags&post=9431"}],"curies":[{"name":"wp","href":"https:\/\/api.w.org\/{rel}","templated":true}]}}