{"id":9361,"date":"2016-01-12T15:32:01","date_gmt":"2016-01-12T15:32:01","guid":{"rendered":"http:\/\/rurallascolonias.com.ar\/?p=9361"},"modified":"2016-01-12T15:32:01","modified_gmt":"2016-01-12T15:32:01","slug":"el-gobierno-de-santa-fe-informo-los-principales-proyectos-para-los-primeros-cien-dias-de-gestion","status":"publish","type":"post","link":"http:\/\/rurallascolonias.com.ar\/?p=9361","title":{"rendered":"El Gobierno de Santa Fe inform\u00f3 los principales proyectos para los primeros cien d\u00edas de gesti\u00f3n"},"content":{"rendered":"<p><strong><\/strong><\/p>\n<h2><em><a href=\"http:\/\/rurallascolonias.com.ar\/wp-content\/uploads\/2016\/01\/Gobierno-de-Santa-Fe-2.jpg\"><img loading=\"lazy\" class=\"aligncenter size-full wp-image-9364\" src=\"http:\/\/rurallascolonias.com.ar\/wp-content\/uploads\/2016\/01\/Gobierno-de-Santa-Fe-2.jpg\" alt=\"Gobierno de Santa Fe 2\" width=\"256\" height=\"160\" \/><\/a>El ministro de la Producci\u00f3n, Luis Contigiani, explic\u00f3 que el objetivo es priorizar el comercio exterior, el financiamiento, la producci\u00f3n primaria, el plan ganadero, la lecher\u00eda y la industrializaci\u00f3n<\/em><\/h2>\n<p><!--more--><\/p>\n<p>El ministro de Producci\u00f3n, Luis Contigiani, se refiri\u00f3 a los temas tratados en la reuni\u00f3n del gabinete provincial de este lunes y a los proyectos presentados por su cartera para los primeros cien d\u00edas de gesti\u00f3n.<\/p>\n<p>En primera instancia, coment\u00f3 que se dieron a conocer \u201clas principales acciones y proyectos que vamos a realizar desde el gobierno provincial, a trav\u00e9s de los ministerios de Producci\u00f3n, Desarrollo Social, Medio Ambiente, Trabajo, Cultura y Seguridad\u201d. Adem\u00e1s, explic\u00f3 que se trata de iniciativas \u201cque estructuran una pol\u00edtica para corto y largo plazo, en contacto con la sociedad civil, con agendas interactivas y pol\u00edticas p\u00fablicas que nos permitan tener iniciativa pol\u00edtica y de gesti\u00f3n\u201d.<\/p>\n<p>En ese sentido, Contigiani manifest\u00f3 que tener un gobierno con iniciativa \u201cnos obliga a determinar las prioridades, y para el Ministerio de la Producci\u00f3n son: comercio exterior, financiamiento, producci\u00f3n primaria, plan ganadero, lecher\u00eda e industrializaci\u00f3n\u201d.<\/p>\n<p>\u201cDentro de estas acciones \u2013continu\u00f3 el ministro\u2013 se destaca un plan forestal para todos los nodos, que contempla el desarrollo del sector para la generaci\u00f3n de energ\u00eda a partir de la biomasa; el tratamiento de semillas en los centros \u00c1ngel Gallardo y Santa Felicia; el progreso del modelo silvopastoril, integrando la agricultura, ganader\u00eda y forestaci\u00f3n; potenciar la producci\u00f3n primaria de la cadena del mueble, encontrando especies nuevas; y el uso de todas las especies y estrategias de bordes y cortinas forestales que nos permitan encontrar una herramienta de defensa frente a los excesos h\u00eddricos en los municipios y comunas\u201d.<\/p>\n<p>Por otro lado, el funcionario mencion\u00f3 \u201cel plan ganadero para todas las carnes, que vamos a presentar en el mes de marzo pr\u00f3ximo en San Crist\u00f3bal; la misi\u00f3n comercial santafesina con productores de leche y carnes que realizaremos a Rusia a fines de febrero o principios de marzo; y el programa de retenci\u00f3n de terneros en lecher\u00eda, para hacer de esa actividad un negocio m\u00e1s integrado posibilitando al trabajador encontrar otras v\u00edas dentro del mismo tambo\u201d, entre otros.<\/p>\n<p>Asimismo, se refiri\u00f3 a proyectos relacionados con el turismo en la provincia. \u201cVamos a crear el Consejo Provincial de Turismo que va a llevar a cabo el plan tur\u00edstico 2020 y estamos planteando una posibilidad de promoci\u00f3n de inversiones para el sector privado porque vemos que hay un campo de acci\u00f3n importante para crecer\u201d, remarc\u00f3. Al respecto, destac\u00f3 que \u201cma\u00f1ana vamos a hacer una reuni\u00f3n con todas las c\u00e1maras tur\u00edsticas de la provincia debido al impacto econ\u00f3mico que est\u00e1n sufriendo por la crecida del r\u00edo Paran\u00e1\u201d.<\/p>\n<p>Luego, el titular de la cartera productiva anuncio \u201cel lanzamiento de la Mesa Comercial de la provincia, donde se va a convocar a las principales entidades del sector para trabajar una agenda en conjunto referida a temas tributarios, comercio informal, registro provincial de comercio y mapeo por localidades, entre otros\u201d.<\/p>\n<p>Finalmente, Contigiani mencion\u00f3 que \u201cse encuentra en estudio un plan de industrializaci\u00f3n para la provincia, que a partir de m\u00faltiples medidas y herramientas financieras, va a contener y potenciar el valor de lo producido generando una trama virtuosa de lo local\u201d.<\/p>\n<p><strong>Fuente: Nuestro Agro<\/strong><\/p>\n","protected":false},"excerpt":{"rendered":"<p>El ministro de la Producci\u00f3n, Luis Contigiani, explic\u00f3 que el objetivo es priorizar el comercio exterior, el financiamiento, la producci\u00f3n primaria, el plan ganadero, la lecher\u00eda y la industrializaci\u00f3n<\/p>\n","protected":false},"author":5,"featured_media":0,"comment_status":"open","ping_status":"open","sticky":false,"template":"","format":"standard","meta":[],"categories":[42,33],"tags":[567,885],"_links":{"self":[{"href":"http:\/\/rurallascolonias.com.ar\/index.php?rest_route=\/wp\/v2\/posts\/9361"}],"collection":[{"href":"http:\/\/rurallascolonias.com.ar\/index.php?rest_route=\/wp\/v2\/posts"}],"about":[{"href":"http:\/\/rurallascolonias.com.ar\/index.php?rest_route=\/wp\/v2\/types\/post"}],"author":[{"embeddable":true,"href":"http:\/\/rurallascolonias.com.ar\/index.php?rest_route=\/wp\/v2\/users\/5"}],"replies":[{"embeddable":true,"href":"http:\/\/rurallascolonias.com.ar\/index.php?rest_route=%2Fwp%2Fv2%2Fcomments&post=9361"}],"version-history":[{"count":1,"href":"http:\/\/rurallascolonias.com.ar\/index.php?rest_route=\/wp\/v2\/posts\/9361\/revisions"}],"predecessor-version":[{"id":9365,"href":"http:\/\/rurallascolonias.com.ar\/index.php?rest_route=\/wp\/v2\/posts\/9361\/revisions\/9365"}],"wp:attachment":[{"href":"http:\/\/rurallascolonias.com.ar\/index.php?rest_route=%2Fwp%2Fv2%2Fmedia&parent=9361"}],"wp:term":[{"taxonomy":"category","embeddable":true,"href":"http:\/\/rurallascolonias.com.ar\/index.php?rest_route=%2Fwp%2Fv2%2Fcategories&post=9361"},{"taxonomy":"post_tag","embeddable":true,"href":"http:\/\/rurallascolonias.com.ar\/index.php?rest_route=%2Fwp%2Fv2%2Ftags&post=9361"}],"curies":[{"name":"wp","href":"https:\/\/api.w.org\/{rel}","templated":true}]}}