{"id":9320,"date":"2016-01-07T14:48:04","date_gmt":"2016-01-07T14:48:04","guid":{"rendered":"http:\/\/rurallascolonias.com.ar\/?p=9320"},"modified":"2016-01-07T15:54:01","modified_gmt":"2016-01-07T15:54:01","slug":"nino-201516-fuerte-actividad-hasta-comienzos-del-invierno","status":"publish","type":"post","link":"http:\/\/rurallascolonias.com.ar\/?p=9320","title":{"rendered":"Ni\u00f1o 2015\/16: \u00bffuerte actividad hasta comienzos del invierno?"},"content":{"rendered":"<p><em><strong><a href=\"http:\/\/rurallascolonias.com.ar\/wp-content\/uploads\/2016\/01\/El-Ni\u00f1o-5.jpg\"><img loading=\"lazy\" class=\"aligncenter size-full wp-image-9324\" src=\"http:\/\/rurallascolonias.com.ar\/wp-content\/uploads\/2016\/01\/El-Ni\u00f1o-5.jpg\" alt=\"El Ni\u00f1o 5\" width=\"259\" height=\"194\" \/><\/a>Si bien inicialmente se supuso que, por ser un episodio temprano, la disipaci\u00f3n de \u201cel Ni\u00f1o\u201d ser\u00eda igualmente temprana, es de temer que su accionar se extienda hasta mediados del invierno pr\u00f3ximo<\/strong><\/em><!--more--><\/p>\n<p>Por esta causa, reci\u00e9n hacia fines del invierno, desaparecer\u00e1 totalmente su influencia, dando paso a una nueva fase clim\u00e1tica.<\/p>\n<p>Esto no es un rasgo particular del presente episodio, sino que se dio en la mayor\u00eda de los episodios intensos ocurridos en el pasado, tal como se observ\u00f3 en las temporadas 1982\/83 y 1997\/98, en las cuales se presentaron fuertes crecidas de los grandes r\u00edos hacia el final del oto\u00f1o y el inicio del invierno.<\/p>\n<p>Por lo tanto, cabe reiterar que, si bien el presente episodio igualar\u00e1 el vigor de los m\u00e1s intensos observados hasta el momento, es poco probable que se convierta en la cat\u00e1strofe clim\u00e1tica del siglo, como difundieron muchos medios en el inicio de su desarrollo.<\/p>\n<p><a href=\"http:\/\/rurallascolonias.com.ar\/wp-content\/uploads\/2016\/01\/gr\u00e1fico-anomalias.jpg\"><img loading=\"lazy\" class=\"aligncenter size-full wp-image-9321\" src=\"http:\/\/rurallascolonias.com.ar\/wp-content\/uploads\/2016\/01\/gr\u00e1fico-anomalias.jpg\" alt=\"gr\u00e1fico anomalias\" width=\"360\" height=\"480\" srcset=\"http:\/\/rurallascolonias.com.ar\/wp-content\/uploads\/2016\/01\/gr\u00e1fico-anomalias.jpg 360w, http:\/\/rurallascolonias.com.ar\/wp-content\/uploads\/2016\/01\/gr\u00e1fico-anomalias-225x300.jpg 225w\" sizes=\"(max-width: 360px) 100vw, 360px\" \/><\/a><\/p>\n<p>La figura que se muestra debajo exhibe las precipitaciones (mm) ocurridas durante el \u00faltimo trimestre, cuya intensidad y distribuci\u00f3n se ajustan muy bien a lo que cabe esperar durante el desarrollo de un episodio de \u201cEl Ni\u00f1o\u201d.<\/p>\n<p><a href=\"http:\/\/rurallascolonias.com.ar\/wp-content\/uploads\/2016\/01\/gr\u00e1fico-precipitaciones.jpg\"><img loading=\"lazy\" class=\"aligncenter size-full wp-image-9322\" src=\"http:\/\/rurallascolonias.com.ar\/wp-content\/uploads\/2016\/01\/gr\u00e1fico-precipitaciones.jpg\" alt=\"gr\u00e1fico precipitaciones\" width=\"360\" height=\"480\" srcset=\"http:\/\/rurallascolonias.com.ar\/wp-content\/uploads\/2016\/01\/gr\u00e1fico-precipitaciones.jpg 360w, http:\/\/rurallascolonias.com.ar\/wp-content\/uploads\/2016\/01\/gr\u00e1fico-precipitaciones-225x300.jpg 225w\" sizes=\"(max-width: 360px) 100vw, 360px\" \/><\/a><\/p>\n<p>Seg\u00fan es normal en \u201cEl Ni\u00f1o\u201d, Ecuador, Colombia y el sur de Venezuela observaron lluvias intensas, pero desparejas, con algunos focos de valores excesivos y otros con registros por debajo de lo normal.<\/p>\n<p>El centro y el nordeste del Brasil, Bolivia, el NOA, Cuyo, el extremo oeste de la Regi\u00f3n Pampeana, el norte de la Patagonia y el norte y el centro del Brasil observaron precipitacionesinferiores a lo normal.<\/p>\n<p>Como tambi\u00e9n es normal en <a href=\"http:\/\/www.fyo.com\/tags\/fenomeno-el-nino\" target=\"_blank\">\u201cEl Ni\u00f1o\u201d<\/a>, el este de Paraguay, la Regi\u00f3n del Chaco, gran parte de la Mesopotamia, el centro y gran parte de la Regi\u00f3n Pampeana y Uruguay registraron valores superiores a lo normal, con episodios de tormentas severas, que promovieron la crecida de los grandes r\u00edos y causaron inundaciones de zonas bajas y cascos urbanos.<\/p>\n<p>VERANO 2016<\/p>\n<p>El verano 2016 observar\u00e1 un lento debilitamiento de \u201cEl Ni\u00f1o\u201d, que conservar\u00e1 un elevado vigor a lo largo de toda la estaci\u00f3n.<\/p>\n<p><a href=\"http:\/\/rurallascolonias.com.ar\/wp-content\/uploads\/2016\/01\/perspectiva-clim\u00e1tica.png\"><img loading=\"lazy\" class=\"aligncenter size-full wp-image-9323\" src=\"http:\/\/rurallascolonias.com.ar\/wp-content\/uploads\/2016\/01\/perspectiva-clim\u00e1tica.png\" alt=\"perspectiva clim\u00e1tica\" width=\"360\" height=\"480\" srcset=\"http:\/\/rurallascolonias.com.ar\/wp-content\/uploads\/2016\/01\/perspectiva-clim\u00e1tica.png 360w, http:\/\/rurallascolonias.com.ar\/wp-content\/uploads\/2016\/01\/perspectiva-clim\u00e1tica-225x300.png 225w\" sizes=\"(max-width: 360px) 100vw, 360px\" \/><\/a><\/p>\n<p>Gran parte de Bolivia, gran parte del Paraguay, gran parte del NOA, la Regi\u00f3n del Chaco, la Mesopotamia, el nordeste de la Regi\u00f3n Pampeana, el este de Cuyo, el sur del \u00e1rea agr\u00edcola de Chile, la mayor parte del Uruguay y gran parte del Brasil registrar\u00e1n fuertes focos de tormentas, con aguaceros torrenciales, granizo y vientos, los cuales se alternar\u00e1n con \u00e1reas con escasa actividad.<\/p>\n<p>Cuyo y gran parte del oeste y el sur de la Regi\u00f3n Pampeana observar\u00e1n precipitaciones moderadas a abundantes, aunque con riesgo de tormentas severas.<\/p>\n<p>S\u00f3lo el norte y el centro del \u00e1rea agr\u00edcola chilena, el oeste de Bolivia, el oeste del NOA, el extremo oeste Cuyo y algunas zonas de la Regi\u00f3n Pampeana registrar\u00e1n precipitaciones moderadas a escasas.<\/p>\n<p>La actividad meteorol\u00f3gica ser\u00e1 muy discontinua<\/p>\n<p>Se producir\u00e1n rachas de tormentas, que se alternar\u00e1n con lapsos de bloqueo de la circulaci\u00f3n, durante los cuales los frentes de tormenta no lograr\u00e1n pasar, dando lugar a condiciones de tiempo extremadamente caluroso y seco.<\/p>\n<p>OTO\u00d1O 2016<\/p>\n<p>El oto\u00f1o 2016 mostrar\u00e1 una gradual disminuci\u00f3n de los efectos de \u201cEl Ni\u00f1o\u201d, en la mayor parte del \u00e1rea agr\u00edcola, salvo en el este del Paraguay, el Nordeste Argentino, el sur el Brasil y el norte del Uruguay, que continuar\u00e1n mostrando una actividad superior a lo normal.<\/p>\n<p>Los vientos del tr\u00f3pico disminuir\u00e1n su intensidad y se retirar\u00e1n gradualmente hacia el norte, mientras que los vientos del sur incrementar\u00e1n su fuerza y avanzar\u00e1n hacia el tr\u00f3pico.<\/p>\n<p>Las precipitaciones se concentrar\u00e1n sobre el centro y el este de Bolivia, el Paraguay, el este del NOA, la Regi\u00f3n del Chaco, la Mesopotamia, el nordeste de la Regi\u00f3n Pampeana, el Uruguay y el noroeste y el sur del Brasil.<\/p>\n<p>Un foco de gran actividad continuar\u00e1 actuando sobre el este del Paraguay, Misiones y el sur del Brasil, manteniendo el riesgo de crecientes sobre los r\u00edos Paran\u00e1 y el Uruguay.<\/p>\n<p>El oeste de Bolivia, el oeste del NOA, el norte del \u00e1rea agr\u00edcola chilena, el este de Cuyo, el oeste de la Regi\u00f3n Pampeana, y el centro-este y el nordeste del \u00e1rea agr\u00edcola del Brasil recibir\u00e1nprecipitaciones moderadas a escasas.<\/p>\n<p>El centro y el sur del \u00e1rea agr\u00edcola chilena y el oeste de Cuyo incrementar\u00e1n sus precipitaciones debido al fortalecimiento de los vientos del sudoeste.<\/p>\n<p>Por esta \u00faltima causa, es probable que, a partir del mes de Abril 2016, se registren heladas tempranas sobre el sur del \u00e1rea agr\u00edcola argentina, las cuales extender\u00e1n gradualmente su acci\u00f3n hasta llegar al sur de Bolivia y el sur del Paraguay hacia finales del invierno.<\/p>\n<p>INVIERNO 2016<\/p>\n<p>El invierno 2016 continuar\u00e1 mostrando una gradual disminuci\u00f3n de los efectos de \u201cEl Ni\u00f1o\u201d, en la mayor parte del \u00e1rea agr\u00edcola, a la vez que se notar\u00e1 un correlativo fortalecimiento de los vientos del sudoeste, que cruzar\u00e1n la Cordillera de los Andes, produciendo vigorosas tormentas, y extender\u00e1n su acci\u00f3n hacia las \u00e1reas agr\u00edcolas de los pa\u00edses lim\u00edtrofes.<\/p>\n<p>Este proceso producir\u00e1 en escenario clim\u00e1tico con notables contrastes.<\/p>\n<p>Un foco de acci\u00f3n se mantendr\u00e1 activo por lo menos hasta mediados de la estaci\u00f3n, sobre el este del Paraguay, el Nordeste Argentino, el sur el Brasil y gran parte del Uruguay, mostrando una vigorosa racha tard\u00eda de fuerte actividad.<\/p>\n<p>Este proceso tard\u00edo, podr\u00eda causar una creciente de los grandes r\u00edos a comienzos de la estaci\u00f3n invernal, particularidad que se ha dado en varios de los episodios de \u201cEl Ni\u00f1o\u201d de gran intensidad, como es el caso del presente.<\/p>\n<p>El centro del \u00e1rea agr\u00edcola brasile\u00f1a, el este del \u00e1rea agr\u00edcola boliviana, el oeste del Paraguay, el este del NOA, el oeste de la Regi\u00f3n del Chaco, el este de la Regi\u00f3n Pampeana registrar\u00e1nprecipitaciones abundantes.<\/p>\n<p>El norte del \u00e1rea agr\u00edcola brasile\u00f1a, el oeste de Bolivia, el oeste y el centro del NOA, el norte del \u00e1rea agr\u00edcola chilena, el oeste de la Regi\u00f3n Pampeana y el centro y el este de Cuyo recibir\u00e1nprecipitaciones escasas.<\/p>\n<p>El centro y el sur del \u00e1rea agr\u00edcola chilena y el oeste de Cuyo incrementar\u00e1n sus precipitacionesdebido al fortalecimiento de los vientos del sudoeste.<\/p>\n<p>Es probable que se presente un invierno con heladas intensas y frecuentes, que podr\u00edan extender su acci\u00f3n hasta llegar al sur de Bolivia y el sur del Paraguay hacia finales de la estaci\u00f3n, continuando hasta mediados de la primavera.<\/p>\n<p>CONCLUSIONES<\/p>\n<p>El escenario clim\u00e1tico se encuentra dominado por un episodio de <a href=\"http:\/\/www.fyo.com\/noticia\/152233\/advierten-que-nino-sera-uno-mas-intensos-agro\" target=\"_blank\">\u201cEl Ni\u00f1o\u201d vigoroso y persistente<\/a>, cuyo accionar se extender\u00e1 hasta mediados del invierno pr\u00f3ximo.<\/p>\n<p>Adicionalmente, la Corriente C\u00e1lida del Brasil calienta el Litoral Atl\u00e1ntico Sudamericano,potenciando la intensidad de \u201cEl Ni\u00f1o\u201d.<\/p>\n<p>Por esta causa, reci\u00e9n hacia fines del invierno, terminar\u00e1 el ciclo actual de <a href=\"http:\/\/www.fyo.com\/especiales\/clima15-16\/\" target=\"_blank\">escenario clim\u00e1tico<\/a>, dando paso a un nuevo proceso.<\/p>\n<p>Seg\u00fan se describi\u00f3 en los t\u00edtulos precedentes, la compleja interacci\u00f3n de factores que dominan el clima sudamericano determina la perspectiva de una sucesi\u00f3n de escenarios contrapuestos, que continuar\u00e1n sucediendo a lo largo de la temporada.<\/p>\n<p>El riesgo de inundaciones en la Cuenca del R\u00edo Salado de la Pcia. de Buenos Aires parece haberse reducido, aunque su ocurrencia no puede descartarse totalmente, debido a la posibilidad de fuertes lluvias hacia el final del verano y el inicio del oto\u00f1o.<\/p>\n<p>Por su parte las zonas ribere\u00f1as bajas del Litoral Fluvial se ver\u00e1n expuestas a las <a href=\"http:\/\/www.fyo.com\/noticia\/154714\/nino-tiene-complices-crecidas-parana\" target=\"_blank\">crecidas de los grandes r\u00edos<\/a> debido a precipitaciones abundantes que se producir\u00e1n en sus cuencas, tanto en los tramos inferiores, dentro del pa\u00eds, como en sus altas cuencas, ubicadas fuera del pa\u00eds, en territorio de Bolivia, Paraguay y Brasil, con su foco de acci\u00f3n sobre la Cuenca del R\u00edo Uruguay.<\/p>\n<p>\u00bfC\u00d3MO IMPACTAN ESTOS PRON\u00d3STICOS EN EL AGRO?<\/p>\n<p>El ambiente c\u00e1lido y h\u00famedo determinado por el fen\u00f3meno, continuar\u00e1 promoviendo los ataques de enfermedades y plagas, y favoreciendo la proliferaci\u00f3n de malezas, a la vez que las frecuentes precipitaciones seguir\u00e1n obstaculizando las labores agr\u00edcolas, y generaron gastos adicionales de acondicionamiento, almacenaje y transporte de la producci\u00f3n.<\/p>\n<p>Sin embargo, cabe tambi\u00e9n mencionar que, en todos los episodios de \u201cEl Ni\u00f1o\u201d precedentes, los vol\u00famenes de producci\u00f3n de los cultivos estivales alcanzaron valores r\u00e9cord.<\/p>\n<p>Es prudente considerar la posibilidad de que, como en ocasiones anteriores, la ocurrencia de un episodio de \u201cEl Ni\u00f1o\u201d sea seguida por uno o dos episodios de <a href=\"http:\/\/www.fyo.com\/noticia\/146259\/nino-daria-lugar-nina\" target=\"_blank\">\u201cLa Ni\u00f1a\u201d<\/a>, el primero de los cuales comenzar\u00eda a manifestarse hacia el inicio de la primavera, provocando un cambio abrupto en el escenario clim\u00e1tico, al reducir dr\u00e1sticamente las lluvias y causar heladas tard\u00edas.<\/p>\n<p>Fuente: Bolsa de Cereales de Buenos Aires \/ Autor: Eduardo Sierra.<\/p>\n<p>&nbsp;<\/p>\n","protected":false},"excerpt":{"rendered":"<p>Si bien inicialmente se supuso que, por ser un episodio temprano, la disipaci\u00f3n de \u201cel Ni\u00f1o\u201d ser\u00eda igualmente temprana, es de temer que su accionar se extienda hasta mediados del invierno pr\u00f3ximo<\/p>\n","protected":false},"author":5,"featured_media":0,"comment_status":"open","ping_status":"open","sticky":false,"template":"","format":"standard","meta":[],"categories":[40],"tags":[618],"_links":{"self":[{"href":"http:\/\/rurallascolonias.com.ar\/index.php?rest_route=\/wp\/v2\/posts\/9320"}],"collection":[{"href":"http:\/\/rurallascolonias.com.ar\/index.php?rest_route=\/wp\/v2\/posts"}],"about":[{"href":"http:\/\/rurallascolonias.com.ar\/index.php?rest_route=\/wp\/v2\/types\/post"}],"author":[{"embeddable":true,"href":"http:\/\/rurallascolonias.com.ar\/index.php?rest_route=\/wp\/v2\/users\/5"}],"replies":[{"embeddable":true,"href":"http:\/\/rurallascolonias.com.ar\/index.php?rest_route=%2Fwp%2Fv2%2Fcomments&post=9320"}],"version-history":[{"count":1,"href":"http:\/\/rurallascolonias.com.ar\/index.php?rest_route=\/wp\/v2\/posts\/9320\/revisions"}],"predecessor-version":[{"id":9325,"href":"http:\/\/rurallascolonias.com.ar\/index.php?rest_route=\/wp\/v2\/posts\/9320\/revisions\/9325"}],"wp:attachment":[{"href":"http:\/\/rurallascolonias.com.ar\/index.php?rest_route=%2Fwp%2Fv2%2Fmedia&parent=9320"}],"wp:term":[{"taxonomy":"category","embeddable":true,"href":"http:\/\/rurallascolonias.com.ar\/index.php?rest_route=%2Fwp%2Fv2%2Fcategories&post=9320"},{"taxonomy":"post_tag","embeddable":true,"href":"http:\/\/rurallascolonias.com.ar\/index.php?rest_route=%2Fwp%2Fv2%2Ftags&post=9320"}],"curies":[{"name":"wp","href":"https:\/\/api.w.org\/{rel}","templated":true}]}}