{"id":9221,"date":"2015-12-29T15:40:47","date_gmt":"2015-12-29T15:40:47","guid":{"rendered":"http:\/\/rurallascolonias.com.ar\/?p=9221"},"modified":"2015-12-29T17:07:36","modified_gmt":"2015-12-29T17:07:36","slug":"aprobarian-la-revaluacion-de-los-inmuebles-rurales-en-santa-fe","status":"publish","type":"post","link":"http:\/\/rurallascolonias.com.ar\/?p=9221","title":{"rendered":"Aprobar\u00edan la revaluaci\u00f3n de los inmuebles rurales en Santa Fe"},"content":{"rendered":"<p><em><strong><a href=\"http:\/\/rurallascolonias.com.ar\/wp-content\/uploads\/2015\/12\/inmobiliario-rural-2.jpg\"><img loading=\"lazy\" class=\"aligncenter size-full wp-image-9222\" src=\"http:\/\/rurallascolonias.com.ar\/wp-content\/uploads\/2015\/12\/inmobiliario-rural-2.jpg\" alt=\"inmobiliario rural 2\" width=\"337\" height=\"149\" srcset=\"http:\/\/rurallascolonias.com.ar\/wp-content\/uploads\/2015\/12\/inmobiliario-rural-2.jpg 337w, http:\/\/rurallascolonias.com.ar\/wp-content\/uploads\/2015\/12\/inmobiliario-rural-2-300x133.jpg 300w\" sizes=\"(max-width: 337px) 100vw, 337px\" \/><\/a>El Senado dar\u00eda el visto bueno a la reforma impositiva proyectada por el gobierno saliente de Bonfatti<\/strong><\/em><!--more--><\/p>\n<p>El proyecto de ley que envi\u00f3 Antonio Bonfatti d\u00edas antes de acabar su mandato obtuvo media sanci\u00f3n en la \u00faltima sesi\u00f3n de la C\u00e1mara de Diputados. Ahora aguarda su tratamiento en Senado para convertirse en ley en el periodo extraordinario de sesiones en Santa Fe.<\/p>\n<p>En los \u00faltimos d\u00edas de gobierno, el propio Bonfatti envi\u00f3 la iniciativa a la Legislatura que reval\u00faa el valor catastral de los inmuebles de la provincia, cuyos valores datan de 1974, con algunas modificaciones entre 1992 y 1993.<\/p>\n<p>El texto para la \u201cRevaluaci\u00f3n General de la Propiedad Inmueble Urbana, Rural y Perfeccionamiento del Procedimiento Catastral\u201d, ingres\u00f3 en Diputados el pasado 2 de diciembre y tuvo el aval de la C\u00e1mara en la sesi\u00f3n del 16 de diciembre. Se espera su tratamiento en Senado en el actual per\u00edodo de pr\u00f3rroga de sesiones que finalizar\u00e1 el 30 de abril de 2016, seg\u00fan consigna el sitio El Enfiteuta.<\/p>\n<p>Esta iniciativa del entonces Poder Ejecutivo se enmarca dentro de lo que es un pedido de la Legislatura, que despu\u00e9s de aprobar el presupuesto en el a\u00f1o 2013, dispuso la revaluaci\u00f3n general de la propiedad inmueble y tambi\u00e9n el perfeccionamiento del Registro Catastral. Todo en suma en concordancia con lo que dispone la Ley N\u00b0 2.996 y modificatorias.<\/p>\n<p>Si llega a convertirse en ley, se determinar\u00e1 la valuaci\u00f3n catastral de los inmuebles rurales y se aprobar\u00e1n los valores m\u00e1ximos y m\u00ednimos por hect\u00e1rea -de cada distrito de la provincia-, despu\u00e9s de 41 a\u00f1os desde el \u00faltimo reval\u00fao y 23 de su actualizaci\u00f3n.<\/p>\n<p>Fuente: infocampo<\/p>\n","protected":false},"excerpt":{"rendered":"<p>El Senado dar\u00eda el visto bueno a la reforma impositiva proyectada por el gobierno saliente de Bonfatti<\/p>\n","protected":false},"author":5,"featured_media":0,"comment_status":"open","ping_status":"open","sticky":false,"template":"","format":"standard","meta":[],"categories":[14],"tags":[2521,2520],"_links":{"self":[{"href":"http:\/\/rurallascolonias.com.ar\/index.php?rest_route=\/wp\/v2\/posts\/9221"}],"collection":[{"href":"http:\/\/rurallascolonias.com.ar\/index.php?rest_route=\/wp\/v2\/posts"}],"about":[{"href":"http:\/\/rurallascolonias.com.ar\/index.php?rest_route=\/wp\/v2\/types\/post"}],"author":[{"embeddable":true,"href":"http:\/\/rurallascolonias.com.ar\/index.php?rest_route=\/wp\/v2\/users\/5"}],"replies":[{"embeddable":true,"href":"http:\/\/rurallascolonias.com.ar\/index.php?rest_route=%2Fwp%2Fv2%2Fcomments&post=9221"}],"version-history":[{"count":1,"href":"http:\/\/rurallascolonias.com.ar\/index.php?rest_route=\/wp\/v2\/posts\/9221\/revisions"}],"predecessor-version":[{"id":9223,"href":"http:\/\/rurallascolonias.com.ar\/index.php?rest_route=\/wp\/v2\/posts\/9221\/revisions\/9223"}],"wp:attachment":[{"href":"http:\/\/rurallascolonias.com.ar\/index.php?rest_route=%2Fwp%2Fv2%2Fmedia&parent=9221"}],"wp:term":[{"taxonomy":"category","embeddable":true,"href":"http:\/\/rurallascolonias.com.ar\/index.php?rest_route=%2Fwp%2Fv2%2Fcategories&post=9221"},{"taxonomy":"post_tag","embeddable":true,"href":"http:\/\/rurallascolonias.com.ar\/index.php?rest_route=%2Fwp%2Fv2%2Ftags&post=9221"}],"curies":[{"name":"wp","href":"https:\/\/api.w.org\/{rel}","templated":true}]}}