{"id":9206,"date":"2015-12-29T16:08:33","date_gmt":"2015-12-29T16:08:33","guid":{"rendered":"http:\/\/rurallascolonias.com.ar\/?p=9206"},"modified":"2015-12-29T16:08:33","modified_gmt":"2015-12-29T16:08:33","slug":"lecheria-hay-que-pasar-el-verano","status":"publish","type":"post","link":"http:\/\/rurallascolonias.com.ar\/?p=9206","title":{"rendered":"Lecher\u00eda: hay que pasar el verano"},"content":{"rendered":"<p><strong><em><a href=\"http:\/\/rurallascolonias.com.ar\/wp-content\/uploads\/2015\/12\/Lecher\u00eda-hay-que-pasar-el-verano.jpg\"><img loading=\"lazy\" class=\"aligncenter size-full wp-image-9207\" src=\"http:\/\/rurallascolonias.com.ar\/wp-content\/uploads\/2015\/12\/Lecher\u00eda-hay-que-pasar-el-verano.jpg\" alt=\"Lecher\u00eda-hay-que-pasar-el-verano\" width=\"300\" height=\"300\" srcset=\"http:\/\/rurallascolonias.com.ar\/wp-content\/uploads\/2015\/12\/Lecher\u00eda-hay-que-pasar-el-verano.jpg 300w, http:\/\/rurallascolonias.com.ar\/wp-content\/uploads\/2015\/12\/Lecher\u00eda-hay-que-pasar-el-verano-150x150.jpg 150w\" sizes=\"(max-width: 300px) 100vw, 300px\" \/><\/a><\/em><\/strong><strong><em>El Subsecretario de Lecher\u00eda de la Naci\u00f3n, Alejandro Sammartino, adelant\u00f3 que trabaja en un acuerdo con la cadena para mejorar el precio a los tamberos mientras las industrias tratan de deshacerse del sobrestock de mercader\u00eda<\/em><\/strong><!--more--><\/p>\n<p>Tras varias reuniones con funcionarios de provincias lecheras, productores e industriales, el Subsecretario de Lecher\u00eda de la Naci\u00f3n, Alejandro Sammartino, adelant\u00f3 que trabaja en un acuerdo con las partes que incluye un aumento de la leche cruda para enero por parte de las industrias, m\u00e1s una compensaci\u00f3n del Estado y cr\u00e9ditos con tasa subsidiada, con el objetivo de no perder m\u00e1s productores mientras el mercado se normaliza.<br \/>\nEn di\u00e1logo con Radio Mitre, el funcionario se\u00f1al\u00f3 que los tamberos est\u00e1s sufriendo un importante aumento de precios en sus insumos, \u201cde casi 100%\u201d, como el caso del ma\u00edz que salt\u00f3 de $900 a casi $1,800 la tonelada, mientras el valor de la materia prima \u201cse mantuvo\u201d. De lo que se trata, es \u201cpaliar la situaci\u00f3n actual, restableciendo alg\u00fan tipo de equilibrio para llegar -en marzo o abril- a buen puerto\u201d.<br \/>\nCon ese objetivo, adelant\u00f3 que est\u00e1n elaborando un acuerdo, \u201cque no va ser el \u00fanico porque no es suficiente\u201d, mediante el cual \u201cla industria anuncie aumentos de precios para enero, el Estado va a generar compensaciones y con los gobiernos provinciales (se otorgar\u00e1n) cr\u00e9ditos a tasa subsidiada para financiar la campa\u00f1a de oto\u00f1o, que es el momento de mayor gasto que tiene el tambero\u201d.<br \/>\nAhora, con las \u201cnuevas reglas\u201d, que incluyen libertad de exportaci\u00f3n, quita de retenciones y mejor tipo de cambio, \u201cse estima que los stocks van a poder reducirse y de esa manera la cadena lactea podr\u00e1 recuperar rentabilidad\u201d. El funcionario afirm\u00f3 que el sector \u201cha perdido much\u00edsima plata por las arbitrariedades del \u00faltimo gobierno\u201d.<br \/>\nSeg\u00fan sus c\u00e1lculos, pueden pasar \u201ctres o cuatro meses\u201d hasta que se estabilice el sector, \u201ces necesario alg\u00fan tipo de puente para el productor, para que alcance alguna rentabilidad y pueda llegar a la otra orilla del r\u00edo\u201d. Sammartino dijo que \u201cla orilla est\u00e1\u201d porque \u201cel mercado va a reestablecer el equilibrio, pero lo importante es que no sea a costa de tambos que cierren\u201d.<br \/>\nTambi\u00e9n consider\u00f3 ins\u00f3litas las diferencias de precio que reciben los tamberos, por ejemplo seg\u00fan las provincias donde se encuentren. \u201cEn Buenos Aires se est\u00e1 pagando mucho mejor que en C\u00f3rdoba y Santa Fe\u201d, afirm\u00f3. La disparidad es tal, que algunos productores cobran menos $2,20 y un vecino recibe $3 por litro.<br \/>\nLa raz\u00f3n de tanta \u201cheterogeneidad\u201d, el funcionario la encontr\u00f3 en las distintas realidades que hay entre las industrias, pero sobre todo por el efecto \u201cpuerta doce\u201d que gener\u00f3 el gobierno nacional en enero con el cierre de las exportaciones, gener\u00f3 una acumulaci\u00f3n de stock, endeudamiento de la industria y baja de precio al productor. \u201cFue el desastre ins\u00f3lito\u201d, sentenci\u00f3 Sammartino.<br \/>\nwww.ellitoral.com<\/p>\n","protected":false},"excerpt":{"rendered":"<p>El Subsecretario de Lecher\u00eda de la Naci\u00f3n, Alejandro Sammartino, adelant\u00f3 que trabaja en un acuerdo con la cadena para mejorar el precio a los tamberos mientras las industrias tratan de deshacerse del sobrestock de mercader\u00eda<\/p>\n","protected":false},"author":5,"featured_media":0,"comment_status":"open","ping_status":"open","sticky":false,"template":"","format":"standard","meta":[],"categories":[46],"tags":[12,48],"_links":{"self":[{"href":"http:\/\/rurallascolonias.com.ar\/index.php?rest_route=\/wp\/v2\/posts\/9206"}],"collection":[{"href":"http:\/\/rurallascolonias.com.ar\/index.php?rest_route=\/wp\/v2\/posts"}],"about":[{"href":"http:\/\/rurallascolonias.com.ar\/index.php?rest_route=\/wp\/v2\/types\/post"}],"author":[{"embeddable":true,"href":"http:\/\/rurallascolonias.com.ar\/index.php?rest_route=\/wp\/v2\/users\/5"}],"replies":[{"embeddable":true,"href":"http:\/\/rurallascolonias.com.ar\/index.php?rest_route=%2Fwp%2Fv2%2Fcomments&post=9206"}],"version-history":[{"count":1,"href":"http:\/\/rurallascolonias.com.ar\/index.php?rest_route=\/wp\/v2\/posts\/9206\/revisions"}],"predecessor-version":[{"id":9208,"href":"http:\/\/rurallascolonias.com.ar\/index.php?rest_route=\/wp\/v2\/posts\/9206\/revisions\/9208"}],"wp:attachment":[{"href":"http:\/\/rurallascolonias.com.ar\/index.php?rest_route=%2Fwp%2Fv2%2Fmedia&parent=9206"}],"wp:term":[{"taxonomy":"category","embeddable":true,"href":"http:\/\/rurallascolonias.com.ar\/index.php?rest_route=%2Fwp%2Fv2%2Fcategories&post=9206"},{"taxonomy":"post_tag","embeddable":true,"href":"http:\/\/rurallascolonias.com.ar\/index.php?rest_route=%2Fwp%2Fv2%2Ftags&post=9206"}],"curies":[{"name":"wp","href":"https:\/\/api.w.org\/{rel}","templated":true}]}}