{"id":9199,"date":"2015-12-28T13:14:37","date_gmt":"2015-12-28T13:14:37","guid":{"rendered":"http:\/\/rurallascolonias.com.ar\/?p=9199"},"modified":"2015-12-28T14:35:24","modified_gmt":"2015-12-28T14:35:24","slug":"buryaile-sera-negocio-producir-trigo","status":"publish","type":"post","link":"http:\/\/rurallascolonias.com.ar\/?p=9199","title":{"rendered":"Buryaile: \u201cSer\u00e1 negocio producir trigo\u201d"},"content":{"rendered":"<p><strong><em><a href=\"http:\/\/rurallascolonias.com.ar\/wp-content\/uploads\/2015\/12\/BURYAILE.jpg\"><img loading=\"lazy\" class=\"aligncenter size-full wp-image-9200\" src=\"http:\/\/rurallascolonias.com.ar\/wp-content\/uploads\/2015\/12\/BURYAILE.jpg\" alt=\"BURYAILE\" width=\"337\" height=\"149\" srcset=\"http:\/\/rurallascolonias.com.ar\/wp-content\/uploads\/2015\/12\/BURYAILE.jpg 337w, http:\/\/rurallascolonias.com.ar\/wp-content\/uploads\/2015\/12\/BURYAILE-300x133.jpg 300w\" sizes=\"(max-width: 337px) 100vw, 337px\" \/><\/a>El ministro de Agroindustria promovi\u00f3 la rotaci\u00f3n de cultivos<\/em><\/strong><!--more--><\/p>\n<p>El ministro de Agroindustria, Ricardo Buryaile, advirti\u00f3 que el a\u00f1o pr\u00f3ximo ser\u00e1 m\u00e1s negocio para el sector agropecuario producir ma\u00edz que soja. Adem\u00e1s, plante\u00f3 como uno de los objetivos de su gesti\u00f3n generar las condiciones para la rotaci\u00f3n de cultivos en los campos.<\/p>\n<p>El funcionario sostuvo que, tras la eliminaci\u00f3n de las retenciones para la exportaci\u00f3n de granos, el sector agropecuario est\u00e1 expectante, y manifest\u00f3 que la Argentina necesita recuperar su capacidad de producci\u00f3n de cereales y de oleaginosas.<\/p>\n<p>\u201cLos efectos de la quita de retenciones ya se empezaron a notar antes. Hubo un aumento en el \u00e1rea de siembra de ma\u00edz de casi 300.000 hect\u00e1reas, algo as\u00ed como un 7% de aumento en el \u00e1rea de producci\u00f3n\u201d, estim\u00f3.<\/p>\n<p>En declaraciones radiales, pronostic\u00f3 para el a\u00f1o pr\u00f3ximo un incremento cercano al 20% en la cosecha de granos, al evaluar que la producci\u00f3n de trigo aumentar\u00e1 un 80%, y que se alcanzar\u00e1n entre 15 y 16 millones de toneladas.<\/p>\n<p>\u201cLa pol\u00edtica del Gobierno anterior era soja sobre soja, porque le interesaba el campo como un productor de recursos fiscales\u201d, cuestion\u00f3 Buryaile. \u201cEl Gobierno no te molestaba en nada mientras vos hicieras soja. Si hac\u00edas carne cerraba las exportaciones y te mandaba (al secretario de Comercio Interior) Guillermo Moreno\u201d, a\u00f1adi\u00f3.<\/p>\n<p>En ese sentido, afirm\u00f3 que el macrismo no s\u00f3lo baj\u00f3 las retenciones, sino que tampoco ser\u00e1 discrecional a la hora de definir qui\u00e9n exporta y qui\u00e9n no. \u201cVamos a tener los registros de exportaci\u00f3n abiertos y a analizar c\u00f3mo es el comportamiento del mercado\u201d, sostuvo.<\/p>\n<p>Fuente: Infocampo<\/p>\n","protected":false},"excerpt":{"rendered":"<p>El ministro de Agroindustria promovi\u00f3 la rotaci\u00f3n de cultivos<\/p>\n","protected":false},"author":5,"featured_media":0,"comment_status":"open","ping_status":"open","sticky":false,"template":"","format":"standard","meta":[],"categories":[14],"tags":[2490,2448,27],"_links":{"self":[{"href":"http:\/\/rurallascolonias.com.ar\/index.php?rest_route=\/wp\/v2\/posts\/9199"}],"collection":[{"href":"http:\/\/rurallascolonias.com.ar\/index.php?rest_route=\/wp\/v2\/posts"}],"about":[{"href":"http:\/\/rurallascolonias.com.ar\/index.php?rest_route=\/wp\/v2\/types\/post"}],"author":[{"embeddable":true,"href":"http:\/\/rurallascolonias.com.ar\/index.php?rest_route=\/wp\/v2\/users\/5"}],"replies":[{"embeddable":true,"href":"http:\/\/rurallascolonias.com.ar\/index.php?rest_route=%2Fwp%2Fv2%2Fcomments&post=9199"}],"version-history":[{"count":1,"href":"http:\/\/rurallascolonias.com.ar\/index.php?rest_route=\/wp\/v2\/posts\/9199\/revisions"}],"predecessor-version":[{"id":9201,"href":"http:\/\/rurallascolonias.com.ar\/index.php?rest_route=\/wp\/v2\/posts\/9199\/revisions\/9201"}],"wp:attachment":[{"href":"http:\/\/rurallascolonias.com.ar\/index.php?rest_route=%2Fwp%2Fv2%2Fmedia&parent=9199"}],"wp:term":[{"taxonomy":"category","embeddable":true,"href":"http:\/\/rurallascolonias.com.ar\/index.php?rest_route=%2Fwp%2Fv2%2Fcategories&post=9199"},{"taxonomy":"post_tag","embeddable":true,"href":"http:\/\/rurallascolonias.com.ar\/index.php?rest_route=%2Fwp%2Fv2%2Ftags&post=9199"}],"curies":[{"name":"wp","href":"https:\/\/api.w.org\/{rel}","templated":true}]}}