{"id":9190,"date":"2015-12-28T13:34:56","date_gmt":"2015-12-28T13:34:56","guid":{"rendered":"http:\/\/rurallascolonias.com.ar\/?p=9190"},"modified":"2015-12-28T13:34:56","modified_gmt":"2015-12-28T13:34:56","slug":"hay-compromiso-de-la-industria-de-no-bajar-en-diciembre-y-de-lograr-una-suba-a-partir-de-enero","status":"publish","type":"post","link":"http:\/\/rurallascolonias.com.ar\/?p=9190","title":{"rendered":"\u201cHay compromiso de la industria de no bajar en diciembre y de lograr una suba a partir de enero\u201d"},"content":{"rendered":"<p><strong><em><a href=\"http:\/\/rurallascolonias.com.ar\/wp-content\/uploads\/2014\/02\/lecher\u00eda-2.jpg\"><img loading=\"lazy\" class=\"aligncenter size-full wp-image-1487\" src=\"http:\/\/rurallascolonias.com.ar\/wp-content\/uploads\/2014\/02\/lecher\u00eda-2.jpg\" alt=\"lecher\u00eda 2\" width=\"278\" height=\"182\" \/><\/a>El Subsecretario de Lecher\u00eda de la Naci\u00f3n, Alejandro Sammartino, recibi\u00f3 a ministros de la cuenca lechera para buscar consensos sobre las pr\u00f3ximas medidas, que se conocer\u00e1n en breve. \u00bfQu\u00e9 pasar\u00e1 con los ROEL?<\/em><\/strong><!--more--><\/p>\n<p>La cartera encabezada por Alejandro Sammartino prosigui\u00f3 con dos encuentros que se suman a los ya realizados durante los \u00faltimos d\u00edas. Ministros de producci\u00f3n de Buenos Aires, Santa Fe, C\u00f3rdoba y Entre R\u00edos estuvieron presentes. Representantes de CAPROLEC tambi\u00e9n fueron recibidos.<\/p>\n<p>El Ministerio de Agroindustria de la Naci\u00f3n organiz\u00f3 un encuentro entre diferentes actores, claves para el desarrollo de la lecher\u00eda, del cual participaron el ministro de Asuntos Agrarios de la provincia de Buenos Aires, Leonardo Sarqu\u00eds, quien estuvo acompa\u00f1ado por el director de Lecher\u00eda bonaerense, Juan Jos\u00e9 Linari. Adem\u00e1s, los ministros de Agricultura y Ganader\u00eda de C\u00f3rdoba, Sergio Busso; de Producci\u00f3n de Entre R\u00edos, Carlos Schepens; y el de Santa Fe, Luis Contigiani, junto a su secretario de Lecher\u00eda, Pedro Morini.<\/p>\n<p>\u201cNos enfocamos en la b\u00fasqueda de consensos respecto a medidas de corto plazo, y a revitalizar el \u00e1mbito de trabajo que se constituye en la esfera del Consejo Federal Lechero, espacio en el que se analizar\u00e1n temas estructurales\u201d, sostuvo Sammartino. A su vez, resalt\u00f3 que el objetivo inicial consta en \u201cgenerar se\u00f1ales positivas, cambiar expectativas, ya que la Subsecretar\u00eda es consciente de la dif\u00edcil situaci\u00f3n lechera y de la necesidad de tomar acciones urgentes\u201d.<\/p>\n<p>El subsecretario de Lecher\u00eda remarc\u00f3 la importancia de brindar reglas claras ya que \u201cla lecher\u00eda es un negocio a largo plazo, por lo tanto este gobierno est\u00e1 brindando herramientas para la constituci\u00f3n de un escenario que permita el desarrollo de la cadena\u201d. Y se\u00f1al\u00f3: \u201cestamos trabajando para establecer medidas r\u00e1pidas, antes de fin de a\u00f1o, que tiene que ver con el precio, con compensaciones, y con una l\u00ednea de cr\u00e9ditos accesibles para que los productores puedan enfrentar la campa\u00f1a que se viene\u201d.<\/p>\n<p>Respecto a precios, el funcionario expres\u00f3 que \u201chay un compromiso de la industria de no bajarlos en diciembre y de lograr un incremento a partir del mes de enero\u201d<\/p>\n<p>Otro tema fundamental para el desarrollo de la actividad reside en la eliminaci\u00f3n de los Registros de Operaciones de Exportaci\u00f3n L\u00e1cteos (ROEL). Seg\u00fan Sammartino \u201csiempre fueron una especie de traba para poder manejar libremente la comercializaci\u00f3n, una actividad muy compleja que no puede ser permanentemente amenazada con cierres o demoras\u201d.<\/p>\n<p>Frente a dicha medida, explic\u00f3: \u201cla cadena hoy va a poder expresar hacia adelante todo el potencial que tiene, porque va a poder exportar libremente, con un tipo de cambio unificado y con la posibilidad de desarrollar negocios de largo plazo. Esto no es menor a la hora de recuperar rentabilidad en la cadena\u201d, remarc\u00f3 el subsecretario de Lecher\u00eda.<\/p>\n<p>Fuente: Nuestro Agro \/ MINAGRI<\/p>\n","protected":false},"excerpt":{"rendered":"<p>El Subsecretario de Lecher\u00eda de la Naci\u00f3n, Alejandro Sammartino, recibi\u00f3 a ministros de la cuenca lechera para buscar consensos sobre las pr\u00f3ximas medidas, que se conocer\u00e1n en breve. \u00bfQu\u00e9 pasar\u00e1 con los ROEL?<\/p>\n","protected":false},"author":5,"featured_media":0,"comment_status":"open","ping_status":"open","sticky":false,"template":"","format":"standard","meta":[],"categories":[42],"tags":[2445,126,2513],"_links":{"self":[{"href":"http:\/\/rurallascolonias.com.ar\/index.php?rest_route=\/wp\/v2\/posts\/9190"}],"collection":[{"href":"http:\/\/rurallascolonias.com.ar\/index.php?rest_route=\/wp\/v2\/posts"}],"about":[{"href":"http:\/\/rurallascolonias.com.ar\/index.php?rest_route=\/wp\/v2\/types\/post"}],"author":[{"embeddable":true,"href":"http:\/\/rurallascolonias.com.ar\/index.php?rest_route=\/wp\/v2\/users\/5"}],"replies":[{"embeddable":true,"href":"http:\/\/rurallascolonias.com.ar\/index.php?rest_route=%2Fwp%2Fv2%2Fcomments&post=9190"}],"version-history":[{"count":1,"href":"http:\/\/rurallascolonias.com.ar\/index.php?rest_route=\/wp\/v2\/posts\/9190\/revisions"}],"predecessor-version":[{"id":9191,"href":"http:\/\/rurallascolonias.com.ar\/index.php?rest_route=\/wp\/v2\/posts\/9190\/revisions\/9191"}],"wp:attachment":[{"href":"http:\/\/rurallascolonias.com.ar\/index.php?rest_route=%2Fwp%2Fv2%2Fmedia&parent=9190"}],"wp:term":[{"taxonomy":"category","embeddable":true,"href":"http:\/\/rurallascolonias.com.ar\/index.php?rest_route=%2Fwp%2Fv2%2Fcategories&post=9190"},{"taxonomy":"post_tag","embeddable":true,"href":"http:\/\/rurallascolonias.com.ar\/index.php?rest_route=%2Fwp%2Fv2%2Ftags&post=9190"}],"curies":[{"name":"wp","href":"https:\/\/api.w.org\/{rel}","templated":true}]}}