{"id":9126,"date":"2015-12-18T16:57:41","date_gmt":"2015-12-18T16:57:41","guid":{"rendered":"http:\/\/rurallascolonias.com.ar\/?p=9126"},"modified":"2015-12-18T16:57:41","modified_gmt":"2015-12-18T16:57:41","slug":"el-gobierno-de-santa-fe-presento-su-plan-para-el-desarrollo-sustentable-del-sector-agroindustrial","status":"publish","type":"post","link":"http:\/\/rurallascolonias.com.ar\/?p=9126","title":{"rendered":"El Gobierno de Santa Fe present\u00f3 su plan para el desarrollo sustentable del sector agroindustrial"},"content":{"rendered":"<h2><a href=\"http:\/\/rurallascolonias.com.ar\/wp-content\/uploads\/2015\/12\/Gobierno-de-santa-fe.jpg\"><img loading=\"lazy\" class=\"alignleft size-full wp-image-9127\" src=\"http:\/\/rurallascolonias.com.ar\/wp-content\/uploads\/2015\/12\/Gobierno-de-santa-fe.jpg\" alt=\"Gobierno de santa fe\" width=\"269\" height=\"187\" \/><\/a>En un acto realizado en Alcorta, el Gobernador Miguel Lifschitz y los m\u00e1ximos referentes de la cartera de Producci\u00f3n brindaron detalles del documento. El ministro de Agroindustria, Ricardo Buryaile, particip\u00f3 del evento<\/h2>\n<p><!--more--><\/p>\n<p>El gobernador de la provincia, Miguel Lifschitz, present\u00f3 los lineamientos generales para la articulaci\u00f3n de \u201cPol\u00edticas de Desarrollo Agropecuario e Industrial y del Comercio y los Servicios\u201d, con el objetivo de avanzar en la construcci\u00f3n colectiva.El\u00a0<a href=\"https:\/\/www.santafe.gov.ar\/noticias\/recursos\/documentos\/2015\/12\/2015-12-17NID_222979O_1.pdf\">documento presentado<\/a>\u00a0plante\u00f3 las bases para una propuesta de desarrollo sustentable, integraci\u00f3n territorial y agregado de valor del sector agroindustrial santafesino.<\/p>\n<p>El \u00a0gobernador destac\u00f3 la \u201cenorme convocatoria\u201d, que reuni\u00f3 a m\u00e1s de 300 personas \u201cvinculadas al sector agroindustrial de la provincia, que es tan importante\u201d; al tiempo que precis\u00f3 que su objetivo fue \u201cintercambiar ideas para un plan de trabajo para los pr\u00f3ximo cuatro a\u00f1os\u201d.<\/p>\n<p>Los pilares del documento presentado \u201cfundamentalmente tienen que ver con el agregado de valor; la defensa de la producci\u00f3n, del peque\u00f1o y mediano productor; el encadenamiento de los procesos productivos, para que podamos ofrecerle al mundo no solo la materia prima sino productos elaborados; promover un desarrollo sustentable, asentado en el arraigo y el territorio; y generar un proceso virtuoso de desarrollo que nos permita posicionarnos con una gran oferta de productos elaborados e industriales, a partir de nuestra fortaleza como sector agropecuario\u201d, precis\u00f3 Lifschitz.<\/p>\n<p>En este sentido, el mandatario provincial indic\u00f3 que para alcanzar estos objetivos \u201cobviamente que se necesita infraestructura, aumentar la competitividad,\u00a0 incorporar desarrollo cient\u00edfico y tecnol\u00f3gico, incorporar conocimiento, mejorar la oferta de financiamiento desde el sector p\u00fablico\u201d, sumadas a la necesidad de que exista \u201cuna pol\u00edtica nacional que estimule a la producci\u00f3n\u201d.<\/p>\n<p>Por \u00faltimo, se\u00f1al\u00f3: \u201cnos llevamos la certeza y la convicci\u00f3n de que tenemos un enorme capital social, y potencialidad en nuestra matriz productiva y en la experiencia asociativa. Si podemos hacer funcionar todo esto en red, generar sinergia y enmarcarnos en una pol\u00edtica nacional que vaya en el mismo sentido tenemos un futuro muy promisorio\u201d.<\/p>\n<p><strong>\u201cTenemos que integrarnos a las cadenas globales\u201d<\/strong><\/p>\n<p>Por su parte, Contigiani manifest\u00f3 que la actividad se realiz\u00f3 \u201cpara proponerle con mucha honestidad intelectual un rumbo al sector agroindustrial de Santa Fe y de la misma forma esperamos recibir el aporte de ustedes para enriquecerlo\u201d.<\/p>\n<p>En ese sentido, el ministro de la Producci\u00f3n a\u00f1adi\u00f3 que \u201cforma parte de nuestra convicci\u00f3n como gobierno entender el rol de la sociedad civil y de los sectores productivos, econ\u00f3micos, culturales y sociales en el orden de la construcci\u00f3n de consenso del poder pol\u00edtico y social\u201d.<\/p>\n<p>\u201cTenemos que integrarnos a las cadenas globales, a partir de nuestro trabajo, de los sectores agroalimentario, metalmec\u00e1nico, de comercio y servicios; cuidando el mercado interno, el consumo, el trabajo y dejando atr\u00e1s las tentaciones de la valoraci\u00f3n financiera como modelo\u201d, mencion\u00f3.<\/p>\n<p>\u201cVamos a construir, con ustedes, la mejor pol\u00edtica agroindustrial que se pueda merecer Santa Fe\u201d, concluy\u00f3 Contigiani.<\/p>\n<p><strong>Fuente: Nuestro Agro<\/strong><\/p>\n","protected":false},"excerpt":{"rendered":"<p>En un acto realizado en Alcorta, el Gobernador Miguel Lifschitz y los m\u00e1ximos referentes de la cartera de Producci\u00f3n brindaron detalles del documento. El ministro de Agroindustria, Ricardo Buryaile, particip\u00f3 del evento<\/p>\n","protected":false},"author":5,"featured_media":0,"comment_status":"open","ping_status":"open","sticky":false,"template":"","format":"standard","meta":[],"categories":[14],"tags":[2495,567,2496],"_links":{"self":[{"href":"http:\/\/rurallascolonias.com.ar\/index.php?rest_route=\/wp\/v2\/posts\/9126"}],"collection":[{"href":"http:\/\/rurallascolonias.com.ar\/index.php?rest_route=\/wp\/v2\/posts"}],"about":[{"href":"http:\/\/rurallascolonias.com.ar\/index.php?rest_route=\/wp\/v2\/types\/post"}],"author":[{"embeddable":true,"href":"http:\/\/rurallascolonias.com.ar\/index.php?rest_route=\/wp\/v2\/users\/5"}],"replies":[{"embeddable":true,"href":"http:\/\/rurallascolonias.com.ar\/index.php?rest_route=%2Fwp%2Fv2%2Fcomments&post=9126"}],"version-history":[{"count":1,"href":"http:\/\/rurallascolonias.com.ar\/index.php?rest_route=\/wp\/v2\/posts\/9126\/revisions"}],"predecessor-version":[{"id":9128,"href":"http:\/\/rurallascolonias.com.ar\/index.php?rest_route=\/wp\/v2\/posts\/9126\/revisions\/9128"}],"wp:attachment":[{"href":"http:\/\/rurallascolonias.com.ar\/index.php?rest_route=%2Fwp%2Fv2%2Fmedia&parent=9126"}],"wp:term":[{"taxonomy":"category","embeddable":true,"href":"http:\/\/rurallascolonias.com.ar\/index.php?rest_route=%2Fwp%2Fv2%2Fcategories&post=9126"},{"taxonomy":"post_tag","embeddable":true,"href":"http:\/\/rurallascolonias.com.ar\/index.php?rest_route=%2Fwp%2Fv2%2Ftags&post=9126"}],"curies":[{"name":"wp","href":"https:\/\/api.w.org\/{rel}","templated":true}]}}