{"id":9108,"date":"2015-12-17T15:46:07","date_gmt":"2015-12-17T15:46:07","guid":{"rendered":"http:\/\/rurallascolonias.com.ar\/?p=9108"},"modified":"2015-12-17T15:46:07","modified_gmt":"2015-12-17T15:46:07","slug":"la-eliminacion-de-retenciones-fue-publicada-en-el-boletin-oficial-de-la-republica-argentina","status":"publish","type":"post","link":"http:\/\/rurallascolonias.com.ar\/?p=9108","title":{"rendered":"La eliminaci\u00f3n de retenciones fue publicada en el Bolet\u00edn Oficial de la Rep\u00fablica Argentina"},"content":{"rendered":"<p><strong><em><\/em><\/strong><\/p>\n<h2><a href=\"http:\/\/rurallascolonias.com.ar\/wp-content\/uploads\/2014\/03\/retenciones-2.jpg\"><img loading=\"lazy\" class=\"aligncenter size-full wp-image-1844\" src=\"http:\/\/rurallascolonias.com.ar\/wp-content\/uploads\/2014\/03\/retenciones-2.jpg\" alt=\"retenciones 2\" width=\"337\" height=\"149\" srcset=\"http:\/\/rurallascolonias.com.ar\/wp-content\/uploads\/2014\/03\/retenciones-2.jpg 337w, http:\/\/rurallascolonias.com.ar\/wp-content\/uploads\/2014\/03\/retenciones-2-300x132.jpg 300w\" sizes=\"(max-width: 337px) 100vw, 337px\" \/><\/a>El decreto 133\/15 establece que el \u201cEstado Nacional est\u00e1 decidido a implementar acciones concretas destinadas a superar la crisis agropecuaria y reactivar al sector\u00bb. Reducciones en soja, cueros y lana<\/h2>\n<p><!--more--><\/p>\n<p>El gobierno nacional, tal como hab\u00eda anunciado el presidente Mauricio Macri esta semana, oficializ\u00f3 la eliminaci\u00f3n de derechos de exportaci\u00f3n aplicados sobre la mayor parte de los productos agroindustriales.<\/p>\n<p>En los fundamentos de la medida (<a href=\"https:\/\/www.boletinoficial.gob.ar\/#!DetalleNorma\/138329\/20151217\">decreto 133\/15<\/a> publicado en el Bolet\u00edn Oficial) se indica que el \u201cEstado Nacional est\u00e1 decidido a implementar medidas efectivas tendientes a revertir los indicadores negativos de la econom\u00eda argentina, incluyendo acciones concretas destinadas a superar la crisis agropecuaria y reactivar al sector, eliminando las trabas y restricciones que hoy limitan su capacidad, al tiempo que se favorece el cuidado del capital natural de nuestros suelos\u201d.<\/p>\n<p>\u201cLas denominadas retenciones a las exportaciones en la actualidad no logran cumplir ninguno de los objetivos extra fiscales para las que fueron trazadas, existiendo un marcado deterioro del nivel de crecimiento econ\u00f3mico, un sostenido incremento de los precios internos y un preocupante desequilibrio entre el mercado externo e interno\u201d, a\u00f1ade.<\/p>\n<p>Las \u00fanicas excepciones corresponden a poroto de soja, con una retenci\u00f3n que pasa del 35% al 30% del valor FOB, y la harina y aceite de soja, que pasar\u00e1n a tributar un 27% versus un 32% vigente hasta ayer. Los pellets de c\u00e1scara de soja y mezclas de aceite refinado que contengan aceite de soja tambi\u00e9n tendr\u00e1n una retenci\u00f3n del 27%.<\/p>\n<p>Los cueros bovinos salados secos, que hasta ayer tributaban una retenci\u00f3n del 15%, ahora pasar\u00e1n a tener un derecho del 10% (pero, por el momento, manteniendo la protecci\u00f3n brindada por el hecho de que dicha retenci\u00f3n se aplica sobre la cotizaci\u00f3n en Chicago del cuero de novillo con marca en culata \u2013Butt Branded Steer\u2013 m\u00e1s costo de flete seg\u00fan lo dispuesto por la resoluci\u00f3n 537\/92).<\/p>\n<p>Adem\u00e1s, el derecho aplicado sobre la lana sin cardar ni peinar baja de 10% a un 5%, mientras que el correspondiente a papel o cart\u00f3n de desperdicio para reciclar se mantiene en el 20%.<\/p>\n<p>A\u00fan falta definir cu\u00e1l ser\u00e1 el derecho de exportaci\u00f3n del biodiesel (la \u00faltima al\u00edcuota m\u00f3vil, vigente para el pasado mes de octubre, fue de 3,31%).<\/p>\n<p><strong>Fuente: Valor Soja<\/strong><\/p>\n","protected":false},"excerpt":{"rendered":"<p>El decreto 133\/15 establece que el \u201cEstado Nacional est\u00e1 decidido a implementar acciones concretas destinadas a superar la crisis agropecuaria y reactivar al sector\u00bb. Reducciones en soja, cueros y lana<\/p>\n","protected":false},"author":5,"featured_media":0,"comment_status":"open","ping_status":"open","sticky":false,"template":"","format":"standard","meta":[],"categories":[42],"tags":[1889,2471],"_links":{"self":[{"href":"http:\/\/rurallascolonias.com.ar\/index.php?rest_route=\/wp\/v2\/posts\/9108"}],"collection":[{"href":"http:\/\/rurallascolonias.com.ar\/index.php?rest_route=\/wp\/v2\/posts"}],"about":[{"href":"http:\/\/rurallascolonias.com.ar\/index.php?rest_route=\/wp\/v2\/types\/post"}],"author":[{"embeddable":true,"href":"http:\/\/rurallascolonias.com.ar\/index.php?rest_route=\/wp\/v2\/users\/5"}],"replies":[{"embeddable":true,"href":"http:\/\/rurallascolonias.com.ar\/index.php?rest_route=%2Fwp%2Fv2%2Fcomments&post=9108"}],"version-history":[{"count":1,"href":"http:\/\/rurallascolonias.com.ar\/index.php?rest_route=\/wp\/v2\/posts\/9108\/revisions"}],"predecessor-version":[{"id":9109,"href":"http:\/\/rurallascolonias.com.ar\/index.php?rest_route=\/wp\/v2\/posts\/9108\/revisions\/9109"}],"wp:attachment":[{"href":"http:\/\/rurallascolonias.com.ar\/index.php?rest_route=%2Fwp%2Fv2%2Fmedia&parent=9108"}],"wp:term":[{"taxonomy":"category","embeddable":true,"href":"http:\/\/rurallascolonias.com.ar\/index.php?rest_route=%2Fwp%2Fv2%2Fcategories&post=9108"},{"taxonomy":"post_tag","embeddable":true,"href":"http:\/\/rurallascolonias.com.ar\/index.php?rest_route=%2Fwp%2Fv2%2Ftags&post=9108"}],"curies":[{"name":"wp","href":"https:\/\/api.w.org\/{rel}","templated":true}]}}