{"id":910,"date":"2014-01-14T14:23:43","date_gmt":"2014-01-14T14:23:43","guid":{"rendered":"http:\/\/rurallascolonias.com.ar\/?p=910"},"modified":"2014-01-14T14:23:43","modified_gmt":"2014-01-14T14:23:43","slug":"ferrero-minimizo-el-anuncio-del-gobierno-y-pidio-un-cambio-de-politica-urgente","status":"publish","type":"post","link":"http:\/\/rurallascolonias.com.ar\/?p=910","title":{"rendered":"FERRERO MINIMIZ\u00d3 EL ANUNCIO DEL GOBIERNO Y PIDI\u00d3 UN CAMBIO DE POL\u00cdTICA URGENTE"},"content":{"rendered":"<div><a href=\"http:\/\/rurallascolonias.com.ar\/wp-content\/uploads\/2013\/11\/FERRERO-2.png\"><img loading=\"lazy\" class=\"alignleft size-full wp-image-248\" alt=\"FERRERO 2\" src=\"http:\/\/rurallascolonias.com.ar\/wp-content\/uploads\/2013\/11\/FERRERO-2.png\" width=\"337\" height=\"149\" srcset=\"http:\/\/rurallascolonias.com.ar\/wp-content\/uploads\/2013\/11\/FERRERO-2.png 337w, http:\/\/rurallascolonias.com.ar\/wp-content\/uploads\/2013\/11\/FERRERO-2-300x132.png 300w\" sizes=\"(max-width: 337px) 100vw, 337px\" \/><\/a>El presidente de Confederaciones Rurales Argentina (CRA), Rub\u00e9n Ferrero, reclam\u00f3 una pol\u00edtica sin restricciones para las ventas al exterior.<!--more--><\/div>\n<div><\/div>\n<div>\n<p align=\"justify\">\u00abEl anuncio de las 500 mil toneladas m\u00e1s all\u00e1 de que es un indicio de apertura termina siendo poco si tenemos en cuenta que seg\u00fan los datos hay entre 4 y 5 millones de toneladas excedentes en relaci\u00f3n al consumo\u00bb, dijo el ruralista.<br \/>\nEn declaraciones radiadles, Ferrero afirm\u00f3 que \u00abel problema de Argentina es la baja producci\u00f3n de los \u00faltimos a\u00f1os por este tipo de intervenciones por parte del Gobierno\u00bb.<\/p>\n<p align=\"justify\">Ferrero explic\u00f3 que \u00aba\u00f1o tras a\u00f1o el gobierno aument\u00f3 la intervenci\u00f3n y el problema de los cupos es que cuando ya se sabe quien va a tener ese cupo y quien va a exportar se est\u00e1 quitando del mercado interno la puja para la compra\u00bb.<br \/>\nEl dirigente rural enfatiz\u00f3 que \u00abtenemos potencial para producir 18 o 19 millones de toneladas\u00bb y en ese marco sostuvo que con libertad para exportar ingresar\u00edan al pa\u00eds \u00abunos 3 mil millones de d\u00f3lares\u00bb.<\/p>\n<p align=\"justify\">El titular de CRA sostuvo que \u00abun kilo de pan cuesta entre 24 y 25 pesos y para realizar un kilo de pan se necesitan 600 gramos de trigo que es $ 1\u00bb y con ese argumento remarc\u00f3 que \u00abla l\u00f3gica que con la intervenci\u00f3n se beneficia la mesa de los argentinos no es verdad\u00bb.<br \/>\n\u00abLos relatos se van cayendo y la prueba se ve en la mesa de los argentinos\u00bb, insisti\u00f3.<\/p>\n<p align=\"justify\">Fuente:\u00a0<a title=\"Edici\u00f3n Rural\" href=\"http:\/\/www.edicionrural.com\/\">Edici\u00f3n Rural<\/a><\/p>\n<\/div>\n","protected":false},"excerpt":{"rendered":"<p>El presidente de Confederaciones Rurales Argentina (CRA), Rub\u00e9n Ferrero, reclam\u00f3 una pol\u00edtica sin restricciones para las ventas al exterior.<\/p>\n","protected":false},"author":5,"featured_media":0,"comment_status":"closed","ping_status":"closed","sticky":false,"template":"","format":"standard","meta":[],"categories":[42],"tags":[30,264,373],"_links":{"self":[{"href":"http:\/\/rurallascolonias.com.ar\/index.php?rest_route=\/wp\/v2\/posts\/910"}],"collection":[{"href":"http:\/\/rurallascolonias.com.ar\/index.php?rest_route=\/wp\/v2\/posts"}],"about":[{"href":"http:\/\/rurallascolonias.com.ar\/index.php?rest_route=\/wp\/v2\/types\/post"}],"author":[{"embeddable":true,"href":"http:\/\/rurallascolonias.com.ar\/index.php?rest_route=\/wp\/v2\/users\/5"}],"replies":[{"embeddable":true,"href":"http:\/\/rurallascolonias.com.ar\/index.php?rest_route=%2Fwp%2Fv2%2Fcomments&post=910"}],"version-history":[{"count":1,"href":"http:\/\/rurallascolonias.com.ar\/index.php?rest_route=\/wp\/v2\/posts\/910\/revisions"}],"predecessor-version":[{"id":911,"href":"http:\/\/rurallascolonias.com.ar\/index.php?rest_route=\/wp\/v2\/posts\/910\/revisions\/911"}],"wp:attachment":[{"href":"http:\/\/rurallascolonias.com.ar\/index.php?rest_route=%2Fwp%2Fv2%2Fmedia&parent=910"}],"wp:term":[{"taxonomy":"category","embeddable":true,"href":"http:\/\/rurallascolonias.com.ar\/index.php?rest_route=%2Fwp%2Fv2%2Fcategories&post=910"},{"taxonomy":"post_tag","embeddable":true,"href":"http:\/\/rurallascolonias.com.ar\/index.php?rest_route=%2Fwp%2Fv2%2Ftags&post=910"}],"curies":[{"name":"wp","href":"https:\/\/api.w.org\/{rel}","templated":true}]}}