{"id":9074,"date":"2015-12-15T16:21:12","date_gmt":"2015-12-15T16:21:12","guid":{"rendered":"http:\/\/rurallascolonias.com.ar\/?p=9074"},"modified":"2015-12-15T16:21:12","modified_gmt":"2015-12-15T16:21:12","slug":"pagani-desafia-a-macri-y-baja-a-la-serenisima-de-precios-cuidados","status":"publish","type":"post","link":"http:\/\/rurallascolonias.com.ar\/?p=9074","title":{"rendered":"Pagani desaf\u00eda a Macri y baja a La Seren\u00edsima de Precios Cuidados"},"content":{"rendered":"<p><strong><em><a href=\"http:\/\/rurallascolonias.com.ar\/wp-content\/uploads\/2015\/12\/PAGANI.jpg\"><img loading=\"lazy\" class=\"alignleft size-full wp-image-9075\" src=\"http:\/\/rurallascolonias.com.ar\/wp-content\/uploads\/2015\/12\/PAGANI.jpg\" alt=\"PAGANI\" width=\"304\" height=\"166\" srcset=\"http:\/\/rurallascolonias.com.ar\/wp-content\/uploads\/2015\/12\/PAGANI.jpg 304w, http:\/\/rurallascolonias.com.ar\/wp-content\/uploads\/2015\/12\/PAGANI-300x164.jpg 300w\" sizes=\"(max-width: 304px) 100vw, 304px\" \/><\/a>Tambi\u00e9n se retiran de manera unilateral los criadores de pollos del kirchnerista Domenech. Prat Gay teme que otros sectores se sumen a la rebeli\u00f3n<\/em><\/strong><!--more--><\/p>\n<p>La intenci\u00f3n del ministro Alfonso Prat Gay de retrotraer a noviembre los precios se tom\u00f3 con un primer desaf\u00edo bravo: La Seren\u00edsima y los criadores de pollos directamente anunciaron que se bajan del programa Precios Cuidados de manera unilateral.<\/p>\n<p>Es el primer desaf\u00edo fuerte de sectores empresarios al presidente Mauricio Macri y se concretan el mismo d\u00eda que se anunci\u00f3 la eliminaci\u00f3n de las retenciones al ma\u00edz, trigo y carne y baja de cinco puntos para la soja.<\/p>\n<p>Los criadores de pollos fueron un aliado f\u00e9rreo del kirchnerismo y el conductor de la C\u00e1mara de Empresas Procesadoras Av\u00edcolas (CEPA), Roberto Domenech, incluso fue anunciado como candidato a ministrod e Asuntos Agrarios de An\u00edbal Fern\u00e1ndez si ganaba la gobernaci\u00f3n de Buenos Aires.<\/p>\n<p>De manera que no sorprende su actitud desestabilizadora en un momento cr\u00edtico del nuevo Gobierno, justo cuando trata de desatar el nudo macroecon\u00f3mico que dejaron Cristina Kirchner y Axel Kicillof.<\/p>\n<p>Lo que si sorprendi\u00f3 y peg\u00f3 fuerte de la Casa Rosada fue la decisi\u00f3n anunciada de La Seren\u00edsima, conducida por la multinacional francesa Danone, pero a la que recientemente se sum\u00f3 el due\u00f1o de Arcor, Luis Pagani, que se supon\u00eda era uno de los aliados claves de Macri.<\/p>\n<p>De hecho, fue Pagani quien le sugiri\u00f3 al presidente el nombre de su lobbysta Jorge Lawson para que lo designe ministro de Trabajo. La jugada finalmente estall\u00f3 por el aire por el rechazo cruzado de Sergio Massa que se intuy\u00f3 puenteado por Jos\u00e9 Manuel de la Sota \u2013Lawson era ministro de su gobierno- y de todas las centrales obreras.<\/p>\n<p>El desaf\u00edo no podr\u00eda ser m\u00e1s inoportuno. Macri y su equipo econ\u00f3mico est\u00e1n tratando de calibrar al m\u00e1ximo los efectos de la inminente devaluaci\u00f3n y quieren acotar los efectos sobre la inflaci\u00f3n que el propio presidente del Banco Central, Federico Sturzenegger, reconoce que podr\u00eda tocar el techo del 40 por ciento en el 2016, para luego iniciar un camino descendente, si funciona la pol\u00edtica de metas que quiere aplicar Prat Gay.<\/p>\n<p>Es por eso que el ministro de Hacienda y Finanzas anunci\u00f3 que continuar\u00e1 por un tiempo indeterminado el plan Precios Cuidados, que ahora est\u00e1 a cargo del nuevo secretario de Comercio Interior, Miguel Braun, y por arriba suyo el ministro de Industria, Francisco Cabrera, a quien dos sectores muy poderosos y de impacto pleno en la canasta b\u00e1sica acaban de plantear un desaf\u00edo may\u00fasculo.<\/p>\n<p>El propio ministro del Interior, Rogelio Frigerio, reconoci\u00f3 la complejidad que enfrentar al afirmar horas atr\u00e1s que \u201cno somos matones, pero vamos a juntarnos con los empresarios que son los formadores de precios para hablar de la responsabilidad que tenemos todos los actores en Argentina de comportarnos de manera responsable\u201d.<\/p>\n<p>En una reuni\u00f3n reservada con los directivos de la Copal, los funcionarios de Macri ya hab\u00edan tanteado la posibilidad de retrotraer los aumentos y la negativa fue rotunda.<\/p>\n<p>Una apelaci\u00f3n a las buenas intenciones a las que hist\u00f3ricamente los empresarios no han sido permeables. De hecho, con toda deliberaci\u00f3n otras multinacionales de consumo masivo como Unilever y Procter &amp; Gamble, aumentaron cerca del 40 ciento sus productos entre la rpimera y la segunda vuelta.<\/p>\n<p>El c\u00e1lculo c\u00ednico que hicieron es que el gobierno saliente ya no ten\u00eda poder para imped\u00edrselos y sea quien sea el que ganara, no iba a poder contradecir la tradici\u00f3n argentina que indica que precio que sube no baja. Por eso, los funcionarios macristas hablan de retrotraer los precios a noviembre, es decir antes del ajustazo.<\/p>\n<p>Esto se habl\u00f3 luego de la segunda vuelta en encuentros informales con directivos de la Copal, la c\u00e1mara que re\u00fane a las poderosas empresas de alimentos que conduce Daniel Funes de Rioja. All\u00ed luego de recibir las felicitaciones del caso, los funcionarios macristas tantearon por primera vez la posibilidad de retrotraer los aumentos y le negativa fue rotunda.<\/p>\n<p>Lo que temen en el entorno de Macri es que esta rebeli\u00f3n desate una puja de todos sectores econ\u00f3micos por recuperar la rentabilidad perdida, que complique el desarrollo de un programa que tiene la delicada tarea de pasar de un econom\u00eda con precios reprimidos a sus sistema de libre mercado.<br \/>\nhttp:\/\/www.lapoliticaonline.com<\/p>\n","protected":false},"excerpt":{"rendered":"<p>Tambi\u00e9n se retiran de manera unilateral los criadores de pollos del kirchnerista Domenech. Prat Gay teme que otros sectores se sumen a la rebeli\u00f3n<\/p>\n","protected":false},"author":5,"featured_media":0,"comment_status":"open","ping_status":"open","sticky":false,"template":"","format":"standard","meta":[],"categories":[42],"tags":[577,2485,2486,487,2439,2487,106],"_links":{"self":[{"href":"http:\/\/rurallascolonias.com.ar\/index.php?rest_route=\/wp\/v2\/posts\/9074"}],"collection":[{"href":"http:\/\/rurallascolonias.com.ar\/index.php?rest_route=\/wp\/v2\/posts"}],"about":[{"href":"http:\/\/rurallascolonias.com.ar\/index.php?rest_route=\/wp\/v2\/types\/post"}],"author":[{"embeddable":true,"href":"http:\/\/rurallascolonias.com.ar\/index.php?rest_route=\/wp\/v2\/users\/5"}],"replies":[{"embeddable":true,"href":"http:\/\/rurallascolonias.com.ar\/index.php?rest_route=%2Fwp%2Fv2%2Fcomments&post=9074"}],"version-history":[{"count":1,"href":"http:\/\/rurallascolonias.com.ar\/index.php?rest_route=\/wp\/v2\/posts\/9074\/revisions"}],"predecessor-version":[{"id":9076,"href":"http:\/\/rurallascolonias.com.ar\/index.php?rest_route=\/wp\/v2\/posts\/9074\/revisions\/9076"}],"wp:attachment":[{"href":"http:\/\/rurallascolonias.com.ar\/index.php?rest_route=%2Fwp%2Fv2%2Fmedia&parent=9074"}],"wp:term":[{"taxonomy":"category","embeddable":true,"href":"http:\/\/rurallascolonias.com.ar\/index.php?rest_route=%2Fwp%2Fv2%2Fcategories&post=9074"},{"taxonomy":"post_tag","embeddable":true,"href":"http:\/\/rurallascolonias.com.ar\/index.php?rest_route=%2Fwp%2Fv2%2Ftags&post=9074"}],"curies":[{"name":"wp","href":"https:\/\/api.w.org\/{rel}","templated":true}]}}