{"id":9070,"date":"2015-12-14T12:00:36","date_gmt":"2015-12-14T12:00:36","guid":{"rendered":"http:\/\/rurallascolonias.com.ar\/?p=9070"},"modified":"2015-12-14T13:05:31","modified_gmt":"2015-12-14T13:05:31","slug":"chiesa-el-dolar-97-no-alcanza-para-recuperar-rentabilidad","status":"publish","type":"post","link":"http:\/\/rurallascolonias.com.ar\/?p=9070","title":{"rendered":"Chiesa: el d\u00f3lar 9,7 \u201cno alcanza\u201d para recuperar rentabilidad"},"content":{"rendered":"<p><strong><em><a href=\"http:\/\/rurallascolonias.com.ar\/wp-content\/uploads\/2015\/11\/CHIESA.jpg\"><img loading=\"lazy\" class=\"alignleft wp-image-8743 size-medium\" src=\"http:\/\/rurallascolonias.com.ar\/wp-content\/uploads\/2015\/11\/CHIESA-300x215.jpg\" alt=\"CHIESA\" width=\"300\" height=\"215\" srcset=\"http:\/\/rurallascolonias.com.ar\/wp-content\/uploads\/2015\/11\/CHIESA-300x215.jpg 300w, http:\/\/rurallascolonias.com.ar\/wp-content\/uploads\/2015\/11\/CHIESA-600x430.jpg 600w, http:\/\/rurallascolonias.com.ar\/wp-content\/uploads\/2015\/11\/CHIESA.jpg 608w\" sizes=\"(max-width: 300px) 100vw, 300px\" \/><\/a>El Presidente de CRA, Dardo Chiesa, se mostr\u00f3 muy optimista con el nuevo gobierno de Mauricio Macri y fundamentalmente con la designaci\u00f3n de Ricardo Buryaile a quien reconoci\u00f3 m\u00e9ritos propios pero a la vez consider\u00f3 alguien \u201cde los nuestros\u201d que ahora est\u00e1 al frente del ministerio de Agroindustria<\/em><\/strong><!--more--><\/p>\n<p>Sin embargo, la urgencia que ve el dirigente confederado para los productores es la supervivencia hoy m\u00e1s que las pol\u00edticas que se comenzar\u00e1n a delinear para el a\u00f1o entrante. En ese plano, Chiesa asegur\u00f3 que un d\u00f3lar de 9,7 pesos para la venta de grano, aunque sea sin retenciones, \u201cno alcanza\u201d para tener rentabilidad.<\/p>\n<p>En declaraciones a \u201cCasado con el Campo\u201d (AM 570) el ruralista dijo que los productores deb\u00edan tener paciencia para que lleguen las medidas que se reclaman como un \u201csinceramiento\u201d del tipo de cambio, en alusi\u00f3n a una devaluaci\u00f3n. Una medida as\u00ed antes de fin de a\u00f1o ser\u00eda \u201cuna prueba de amor\u201d por parte del gobierno que es lo que est\u00e1 esperando el ruralismo.<\/p>\n<p>CRA<\/p>\n","protected":false},"excerpt":{"rendered":"<p>El Presidente de CRA, Dardo Chiesa, se mostr\u00f3 muy optimista con el nuevo gobierno de Mauricio Macri y fundamentalmente con la designaci\u00f3n de Ricardo Buryaile a quien reconoci\u00f3 m\u00e9ritos propios pero a la vez consider\u00f3 alguien \u201cde los nuestros\u201d que ahora est\u00e1 al frente del ministerio de Agroindustria<\/p>\n","protected":false},"author":5,"featured_media":0,"comment_status":"open","ping_status":"open","sticky":false,"template":"","format":"standard","meta":[],"categories":[14],"tags":[2355,561],"_links":{"self":[{"href":"http:\/\/rurallascolonias.com.ar\/index.php?rest_route=\/wp\/v2\/posts\/9070"}],"collection":[{"href":"http:\/\/rurallascolonias.com.ar\/index.php?rest_route=\/wp\/v2\/posts"}],"about":[{"href":"http:\/\/rurallascolonias.com.ar\/index.php?rest_route=\/wp\/v2\/types\/post"}],"author":[{"embeddable":true,"href":"http:\/\/rurallascolonias.com.ar\/index.php?rest_route=\/wp\/v2\/users\/5"}],"replies":[{"embeddable":true,"href":"http:\/\/rurallascolonias.com.ar\/index.php?rest_route=%2Fwp%2Fv2%2Fcomments&post=9070"}],"version-history":[{"count":1,"href":"http:\/\/rurallascolonias.com.ar\/index.php?rest_route=\/wp\/v2\/posts\/9070\/revisions"}],"predecessor-version":[{"id":9071,"href":"http:\/\/rurallascolonias.com.ar\/index.php?rest_route=\/wp\/v2\/posts\/9070\/revisions\/9071"}],"wp:attachment":[{"href":"http:\/\/rurallascolonias.com.ar\/index.php?rest_route=%2Fwp%2Fv2%2Fmedia&parent=9070"}],"wp:term":[{"taxonomy":"category","embeddable":true,"href":"http:\/\/rurallascolonias.com.ar\/index.php?rest_route=%2Fwp%2Fv2%2Fcategories&post=9070"},{"taxonomy":"post_tag","embeddable":true,"href":"http:\/\/rurallascolonias.com.ar\/index.php?rest_route=%2Fwp%2Fv2%2Ftags&post=9070"}],"curies":[{"name":"wp","href":"https:\/\/api.w.org\/{rel}","templated":true}]}}