{"id":9064,"date":"2015-12-14T12:26:02","date_gmt":"2015-12-14T12:26:02","guid":{"rendered":"http:\/\/rurallascolonias.com.ar\/?p=9064"},"modified":"2015-12-14T12:26:02","modified_gmt":"2015-12-14T12:26:02","slug":"mauricio-macri-anuncia-ante-productores-la-eliminacion-de-las-retenciones","status":"publish","type":"post","link":"http:\/\/rurallascolonias.com.ar\/?p=9064","title":{"rendered":"Mauricio Macri anuncia ante productores la eliminaci\u00f3n de las retenciones"},"content":{"rendered":"<p><strong><em><a href=\"http:\/\/rurallascolonias.com.ar\/wp-content\/uploads\/2015\/12\/Macri-y-Buyaile.jpg\"><img loading=\"lazy\" class=\"aligncenter size-full wp-image-9065\" src=\"http:\/\/rurallascolonias.com.ar\/wp-content\/uploads\/2015\/12\/Macri-y-Buyaile.jpg\" alt=\"Macri y Buyaile\" width=\"260\" height=\"194\" \/><\/a>El Presidente cumplir\u00e1 hoy con una de sus principales promesas de campa\u00f1a, con Vidal y sus ministros. Busca generar confianza antes de tomar las medidas m\u00e1s duras. Lo hace desde la localidad bonaerense de Pergamino: la medida alcanza al trigo, ma\u00edz, y una baja en las de la soja<\/em><\/strong><!--more--><\/p>\n<p>Con el prop\u00f3sito de estirar el \u2018estado de gracia\u2019 de los primeros d\u00edas de la gesti\u00f3n, y generar confianza antes de anunciar las medidas econ\u00f3micas m\u00e1s duras, Mauricio Macri cumplir\u00e1 hoy con una de sus principales promesas de campa\u00f1a: anunciar\u00e1 la eliminaci\u00f3n inmediata de todas las retenciones agropecuarias, a excepci\u00f3n de las de la soja y sus derivados, que bajar\u00e1n cinco puntos porcentuales. Lo har\u00e1 bien temprano por la ma\u00f1ana en Pergamino, ante un nutrido grupo de productores agropecuarios y en compa\u00f1\u00eda de la gobernadora bonaerense, Mar\u00eda Eugenia Vidal, y algunos de sus ministros, como el titular de Interior, Rogelio Frigerio; el de Agroindustria, Ricardo Buryaile, y el presidente de la C\u00e1mara de diputados, Emilio Monz\u00f3. No ser\u00e1 todo. El presidente tambi\u00e9n planea dar otro golpe de efecto por la tarde al hablar en la conferencia organizada por la Uni\u00f3n Industrial Argentina (UIA) ante un auditorio de unos 1.500 empresarios, a quienes les pedir\u00e1 colaboraci\u00f3n para su gesti\u00f3n.<\/p>\n<p>Macri planea lanzar en los primeros d\u00edas una catarata de medidas destinadas a neutralizar as\u00ed los efectos indeseados del cambio de modelo, ante el desbarajuste financiero realizado por el kirchnerismo. Adem\u00e1s, de los gestos pol\u00edticos que buscan diferenciar su gesti\u00f3n de la de su antecesora Cristina Kirchner, los primeros anuncios corresponden a medidas inmediatas y positivas, que pueden ser tomadas por decreto de necesidad y urgencia. Es el caso de la eliminaci\u00f3n de las retenciones, que gener\u00f3 un conflicto feroz entre el kirchnerismo y el campo.<\/p>\n<p>&nbsp;<\/p>\n<p>Tal como sostuvo en su campa\u00f1a, el flamante mandatario terminar\u00e1 con los derechos de exportaci\u00f3n que se le cobra al ma\u00edz, al trigo, al girasol y a la carne. En el caso de la soja, la al\u00edcuota tendr\u00e1 una quita de 5 puntos porcentuales del 35% actual, con los que las ventas al exterior de granos de soja pasar\u00edan a tributar un 30% y las de aceites y harina, el 27%. El ministro de Agroindustria explic\u00f3 la semana pasada que m\u00e1s all\u00e1 de que le encantar\u00eda sacar las retenciones de manera total a la soja, hacerlo ser\u00eda una irresponsabilidad. \u00abHoy hay un sistema tributario basado en las retenciones y eliminarlas significar\u00e1 un esfuerzo fiscal enorme. Por eso debe realizarse un trabajo en conjunto con otros ministerios\u00bb, afirm\u00f3.<\/p>\n<p>&nbsp;<\/p>\n<p>Tambi\u00e9n desaparecer\u00e1n los Registros de Operaciones de Exportaci\u00f3n (ROE), que generan trabas para los exportadores de carne bovina, l\u00e1cteos y granos.<\/p>\n<p>&nbsp;<\/p>\n<p>Con las nuevas medidas, el Gobierno busca devolverle la competitividad a la actividad y espera que los agroexportadores liquiden al menos unos 6.000 millones de d\u00f3lares para reforzar las reservas del Banco Central.<\/p>\n<p>&nbsp;<\/p>\n<p>Ser\u00e1 tambi\u00e9n una se\u00f1al para los 1500 industriales que asistir\u00e1n a la 21 Conferencia Industrial Argentina organizada por UIA, bajo el lema \u2018La Argentina productiva para la pr\u00f3xima d\u00e9cada, y que se desarrollar\u00e1 en Parque Norte. A cuatro d\u00edas de haber asumido como Presidente, Macri disertar\u00e1 a las 19 ante los industriales argentinos, a quienes pedir\u00e1 colaboraci\u00f3n para su gobierno. Aunque no trascendi\u00f3 el contenido del discurso, fuentes de su entorno deslizaron que el mandatario podr\u00eda convocar a un pacto social para, entre otras cosas, acordar precios y salarios y consensuar criterios sobre el valor del tipo de cambio que pretende unificar.<\/p>\n<p>En el medio de la jornada, Macri tomar\u00e1 juramento al designado titular de la Administraci\u00f3n Federal de Ingresos P\u00fablicos (AFIP), Alberto Abad, quien ya hab\u00eda conducido la entidad entre 2002 y 2008 y reemplazar\u00e1 en el cargo a Ricardo Echegaray. Tambi\u00e9n jurar\u00e1 Roberto Moro como presidente de la Secretar\u00eda de Programaci\u00f3n para la Prevenci\u00f3n de la Drogadicci\u00f3n y la Lucha contra el Narcotr\u00e1fico (Sedronar). Actualmente se desempe\u00f1a como subsecretario de Salud Mental y Abordaje de las Adicciones en el gobierno de la provincia de La Pampa.<\/p>\n<p>Fuente: Edicionrural<\/p>\n<p>&nbsp;<\/p>\n","protected":false},"excerpt":{"rendered":"<p>El Presidente cumplir\u00e1 hoy con una de sus principales promesas de campa\u00f1a, con Vidal y sus ministros. Busca generar confianza antes de tomar las medidas m\u00e1s duras. Lo hace desde la localidad bonaerense de Pergamino: la medida alcanza al trigo, ma\u00edz, y una baja en las de la soja<\/p>\n","protected":false},"author":5,"featured_media":0,"comment_status":"open","ping_status":"open","sticky":false,"template":"","format":"standard","meta":[],"categories":[42],"tags":[2471,2439],"_links":{"self":[{"href":"http:\/\/rurallascolonias.com.ar\/index.php?rest_route=\/wp\/v2\/posts\/9064"}],"collection":[{"href":"http:\/\/rurallascolonias.com.ar\/index.php?rest_route=\/wp\/v2\/posts"}],"about":[{"href":"http:\/\/rurallascolonias.com.ar\/index.php?rest_route=\/wp\/v2\/types\/post"}],"author":[{"embeddable":true,"href":"http:\/\/rurallascolonias.com.ar\/index.php?rest_route=\/wp\/v2\/users\/5"}],"replies":[{"embeddable":true,"href":"http:\/\/rurallascolonias.com.ar\/index.php?rest_route=%2Fwp%2Fv2%2Fcomments&post=9064"}],"version-history":[{"count":1,"href":"http:\/\/rurallascolonias.com.ar\/index.php?rest_route=\/wp\/v2\/posts\/9064\/revisions"}],"predecessor-version":[{"id":9066,"href":"http:\/\/rurallascolonias.com.ar\/index.php?rest_route=\/wp\/v2\/posts\/9064\/revisions\/9066"}],"wp:attachment":[{"href":"http:\/\/rurallascolonias.com.ar\/index.php?rest_route=%2Fwp%2Fv2%2Fmedia&parent=9064"}],"wp:term":[{"taxonomy":"category","embeddable":true,"href":"http:\/\/rurallascolonias.com.ar\/index.php?rest_route=%2Fwp%2Fv2%2Fcategories&post=9064"},{"taxonomy":"post_tag","embeddable":true,"href":"http:\/\/rurallascolonias.com.ar\/index.php?rest_route=%2Fwp%2Fv2%2Ftags&post=9064"}],"curies":[{"name":"wp","href":"https:\/\/api.w.org\/{rel}","templated":true}]}}