{"id":9045,"date":"2015-12-11T16:21:01","date_gmt":"2015-12-11T16:21:01","guid":{"rendered":"http:\/\/rurallascolonias.com.ar\/?p=9045"},"modified":"2015-12-11T16:21:01","modified_gmt":"2015-12-11T16:21:01","slug":"la-mesa-de-enlace-volvio-a-mostrarse-junta-en-la-asuncion-de-ricardo-buryaile","status":"publish","type":"post","link":"http:\/\/rurallascolonias.com.ar\/?p=9045","title":{"rendered":"La Mesa de Enlace volvi\u00f3 a mostrarse junta en la asunci\u00f3n de Ricardo Buryaile"},"content":{"rendered":"<p><strong><em><a href=\"http:\/\/rurallascolonias.com.ar\/wp-content\/uploads\/2015\/12\/Mesa-de-Enlace-y-Buyairle.jpg\"><img loading=\"lazy\" class=\"aligncenter size-full wp-image-9046\" src=\"http:\/\/rurallascolonias.com.ar\/wp-content\/uploads\/2015\/12\/Mesa-de-Enlace-y-Buyairle.jpg\" alt=\"Mesa de Enlace y Buyairle\" width=\"259\" height=\"194\" \/><\/a>Sus dirigentes compartieron una foto en la jura del ministro de Agroindustria luego de meses de distanciamiento de Federaci\u00f3n Agraria Argentina<\/em><\/strong><!--more--><\/p>\n<p>La Mesa de Enlace en pleno asisti\u00f3 a la jura del ministro de Agroindustria, Ricardo Buryaile, en el Museo del Bicentenario.<\/p>\n<p>Por un lado, se trata de un claro gesto de acercamiento entre el nuevo Gobierno y el campo luego de a\u00f1os donde el kirchnerismo margin\u00f3 a la Mesa de Enlace de cualquier espacio de di\u00e1logo. El momento qued\u00f3 reflejado en una foto que comparti\u00f3 Buryaile con los presidentes de<b>Confederaciones Rurales Argentinas (CRA), Dardo Chiesa;<\/b> de Coninagro, Egidio Mailland; de Federaci\u00f3n Agraria Argentina (FAA), Omar Pr\u00edncipe, y de la Sociedad Rural Argentina (SRA), Luis Miguel Etchevehere.<\/p>\n<p>Por otra parte, con esta foto los m\u00e1ximos dirigentes de la Mesa de Enlace vuelven a mostrarse juntos despu\u00e9s de que la conducci\u00f3n de FAA rompiera el bloque para acercarse al Gobierno de Cristina Kirchner.<\/p>\n<p>Hoy, a las 12, en la sede de su cartera Buryaile pondr\u00e1 en funciones al gabinete agropecuario que integrar\u00e1n secretarios y subsecretarios. Su cartera se transform\u00f3 en Agroindustria para dar cumplimiento a una promesa que hizo Mauricio Macri en la campa\u00f1a electoral.<\/p>\n<p>Fuente: La Naci\u00f3n<\/p>\n","protected":false},"excerpt":{"rendered":"<p>Sus dirigentes compartieron una foto en la jura del ministro de Agroindustria luego de meses de distanciamiento de Federaci\u00f3n Agraria Argentina<\/p>\n","protected":false},"author":5,"featured_media":0,"comment_status":"open","ping_status":"open","sticky":false,"template":"","format":"standard","meta":[],"categories":[33],"tags":[2478,2477,34,2448],"_links":{"self":[{"href":"http:\/\/rurallascolonias.com.ar\/index.php?rest_route=\/wp\/v2\/posts\/9045"}],"collection":[{"href":"http:\/\/rurallascolonias.com.ar\/index.php?rest_route=\/wp\/v2\/posts"}],"about":[{"href":"http:\/\/rurallascolonias.com.ar\/index.php?rest_route=\/wp\/v2\/types\/post"}],"author":[{"embeddable":true,"href":"http:\/\/rurallascolonias.com.ar\/index.php?rest_route=\/wp\/v2\/users\/5"}],"replies":[{"embeddable":true,"href":"http:\/\/rurallascolonias.com.ar\/index.php?rest_route=%2Fwp%2Fv2%2Fcomments&post=9045"}],"version-history":[{"count":1,"href":"http:\/\/rurallascolonias.com.ar\/index.php?rest_route=\/wp\/v2\/posts\/9045\/revisions"}],"predecessor-version":[{"id":9047,"href":"http:\/\/rurallascolonias.com.ar\/index.php?rest_route=\/wp\/v2\/posts\/9045\/revisions\/9047"}],"wp:attachment":[{"href":"http:\/\/rurallascolonias.com.ar\/index.php?rest_route=%2Fwp%2Fv2%2Fmedia&parent=9045"}],"wp:term":[{"taxonomy":"category","embeddable":true,"href":"http:\/\/rurallascolonias.com.ar\/index.php?rest_route=%2Fwp%2Fv2%2Fcategories&post=9045"},{"taxonomy":"post_tag","embeddable":true,"href":"http:\/\/rurallascolonias.com.ar\/index.php?rest_route=%2Fwp%2Fv2%2Ftags&post=9045"}],"curies":[{"name":"wp","href":"https:\/\/api.w.org\/{rel}","templated":true}]}}