{"id":8922,"date":"2015-11-30T11:44:09","date_gmt":"2015-11-30T11:44:09","guid":{"rendered":"http:\/\/rurallascolonias.com.ar\/?p=8922"},"modified":"2015-11-30T11:44:09","modified_gmt":"2015-11-30T11:44:09","slug":"buryaile-queremos-que-la-lecheria-aumente-su-produccion","status":"publish","type":"post","link":"http:\/\/rurallascolonias.com.ar\/?p=8922","title":{"rendered":"Buryaile: \u201cQueremos que la lecher\u00eda aumente su producci\u00f3n\u201d"},"content":{"rendered":"<p><strong><em><a href=\"http:\/\/rurallascolonias.com.ar\/wp-content\/uploads\/2015\/11\/BURYAILE.jpg\"><img loading=\"lazy\" class=\"alignleft size-full wp-image-8904\" src=\"http:\/\/rurallascolonias.com.ar\/wp-content\/uploads\/2015\/11\/BURYAILE.jpg\" alt=\"BURYAILE\" width=\"380\" height=\"254\" srcset=\"http:\/\/rurallascolonias.com.ar\/wp-content\/uploads\/2015\/11\/BURYAILE.jpg 380w, http:\/\/rurallascolonias.com.ar\/wp-content\/uploads\/2015\/11\/BURYAILE-300x201.jpg 300w\" sizes=\"(max-width: 380px) 100vw, 380px\" \/><\/a>El futuro ministro de Agricultura, Ganader\u00eda y Pesca de la Naci\u00f3n, Ricardo Buryaile, estim\u00f3 que la cosecha sin liquidar ronda los 4,5 mil millones de d\u00f3lares, cifra sensiblemente inferior a los 8 mil millones de d\u00f3lares que se pensaba en un principio<\/em><\/strong><!--more--><\/p>\n<p>\u201cLa estad\u00edstica en Argentina no es confiable. En nuestro pa\u00eds se ha abandonado hace mucho la confiabilidad de las cifras\u201d, indic\u00f3.<\/p>\n<p>\u201cEste a\u00f1o la campa\u00f1a garantizaba, tanto Massa como Macri y Scioli despu\u00e9s, que iba a bajar la retenciones. Entonces el productor ha ido esperando que se concretara la media. A nosotros nos va a hacer falta los recursos y le vamos a pedir una mano a los productores\u201d, a\u00f1adi\u00f3.<\/p>\n<p>El actual diputado nacional del radicalismo asegur\u00f3 que van a cumplir con el compromiso de Macri de eliminar las retenciones \u201ca todo, menos la soja\u201d. Sobre esta \u00faltima, aclar\u00f3: \u201cVa a quedar en 30% y va a ir bajando 5% cada a\u00f1o\u201d.<\/p>\n<p>Con respecto a cu\u00e1ndo comenzar\u00e1n a regir la eliminaci\u00f3n de las retenciones al trigo, ma\u00edz, girasol, sorgo y carne (entre otros) contest\u00f3: \u201cR\u00e1pidamente\u201d.<\/p>\n<p>Se\u00f1al\u00f3 adem\u00e1s que se debe trabajar en paralelo con los productores tabacaleros, de la pera, la manzana, la citricultura y la lecher\u00eda.<\/p>\n<p>\u201cQueremos que la lecher\u00eda, que pasa un momento complicado por la baja de precios internacionales y la mala pol\u00edtica, aumente su producci\u00f3n, que tengamos rentabilidad en este sector, que es familiar\u201d, afirm\u00f3.<\/p>\n<p>Buryaile explic\u00f3 que los ingresos que se dejar\u00e1n de percibir por retenciones van a ser percibidos por IVA, Ingresos Brutos y aumento de volumen de producci\u00f3n.<\/p>\n<p>En relaci\u00f3n con las econom\u00edas regionales, sostuvo que se debe trabajar \u201cproducto por producto\u201d. \u201cNo es lo mismo para la citricultura que para las peras y las manzanas. Vamos a avanzar r\u00e1pidamente. Hay que darle soluci\u00f3n a cada estrato de la producci\u00f3n\u201d, subray\u00f3.<\/p>\n<p>\u201cVamos a trabajar uniendo a los productores. Macri me pidi\u00f3 que trabaje en equipo, que tenga humildad, que una a los productores agropecuarios, que atendamos a todos, y me pidi\u00f3 honestidad m\u00eda y de la gente que me rodea, que no toque un peso ni permita que toquen un peso\u201d, asegur\u00f3.<\/p>\n<p>\u201cLas econom\u00edas regionales se est\u00e1n fundiendo, venimos a hacer un trabajo sencillo de despertar las energ\u00edas que estaban impotentes. Al campo argentino le va a ir muy bien, y al pa\u00eds excelente\u201d, acot\u00f3.<\/p>\n<p>Buryaile solicit\u00f3 a los productores \u201cpaciencia\u201d para que puedan efectuar las medidas: \u201cEstamos analizando todas las variables, le pido a la gente que tenga un poco de paciencia, que nos den una oportunidad y les vamos a demostrar que Argentina cambi\u00f3. El productor que fue vapuleado va a tener un gobierno amigo, con el que a veces no va a coincidir, pero que jam\u00e1s lo va a maltratar\u201d.<\/p>\n<p>\u201cA las econom\u00edas le vamos a dar competitividad bajando las retenciones. Vamos a tratar a todos los productores por igual, les daremos soluciones a peque\u00f1os, medianos y grandes productores. Queremos trabajar para Argentina, no para sectores\u201d, resalt\u00f3.<br \/>\nhttp:\/\/www.cadena3.com<\/p>\n","protected":false},"excerpt":{"rendered":"<p>El futuro ministro de Agricultura, Ganader\u00eda y Pesca de la Naci\u00f3n, Ricardo Buryaile, estim\u00f3 que la cosecha sin liquidar ronda los 4,5 mil millones de d\u00f3lares, cifra sensiblemente inferior a los 8 mil millones de d\u00f3lares que se pensaba en un principio<\/p>\n","protected":false},"author":5,"featured_media":0,"comment_status":"open","ping_status":"open","sticky":false,"template":"","format":"standard","meta":[],"categories":[18],"tags":[1523,23,2448],"_links":{"self":[{"href":"http:\/\/rurallascolonias.com.ar\/index.php?rest_route=\/wp\/v2\/posts\/8922"}],"collection":[{"href":"http:\/\/rurallascolonias.com.ar\/index.php?rest_route=\/wp\/v2\/posts"}],"about":[{"href":"http:\/\/rurallascolonias.com.ar\/index.php?rest_route=\/wp\/v2\/types\/post"}],"author":[{"embeddable":true,"href":"http:\/\/rurallascolonias.com.ar\/index.php?rest_route=\/wp\/v2\/users\/5"}],"replies":[{"embeddable":true,"href":"http:\/\/rurallascolonias.com.ar\/index.php?rest_route=%2Fwp%2Fv2%2Fcomments&post=8922"}],"version-history":[{"count":1,"href":"http:\/\/rurallascolonias.com.ar\/index.php?rest_route=\/wp\/v2\/posts\/8922\/revisions"}],"predecessor-version":[{"id":8923,"href":"http:\/\/rurallascolonias.com.ar\/index.php?rest_route=\/wp\/v2\/posts\/8922\/revisions\/8923"}],"wp:attachment":[{"href":"http:\/\/rurallascolonias.com.ar\/index.php?rest_route=%2Fwp%2Fv2%2Fmedia&parent=8922"}],"wp:term":[{"taxonomy":"category","embeddable":true,"href":"http:\/\/rurallascolonias.com.ar\/index.php?rest_route=%2Fwp%2Fv2%2Fcategories&post=8922"},{"taxonomy":"post_tag","embeddable":true,"href":"http:\/\/rurallascolonias.com.ar\/index.php?rest_route=%2Fwp%2Fv2%2Ftags&post=8922"}],"curies":[{"name":"wp","href":"https:\/\/api.w.org\/{rel}","templated":true}]}}