{"id":8903,"date":"2015-11-26T16:38:43","date_gmt":"2015-11-26T16:38:43","guid":{"rendered":"http:\/\/rurallascolonias.com.ar\/?p=8903"},"modified":"2015-11-26T16:38:43","modified_gmt":"2015-11-26T16:38:43","slug":"ricardo-buryaile-ex-vice-de-cra-sera-el-ministro-de-agricultura","status":"publish","type":"post","link":"http:\/\/rurallascolonias.com.ar\/?p=8903","title":{"rendered":"Ricardo Buryaile, ex vice de CRA, ser\u00e1 el ministro de Agricultura"},"content":{"rendered":"<p><strong><em><a href=\"http:\/\/rurallascolonias.com.ar\/wp-content\/uploads\/2015\/11\/BURYAILE.jpg\"><img loading=\"lazy\" class=\"alignleft size-full wp-image-8904\" src=\"http:\/\/rurallascolonias.com.ar\/wp-content\/uploads\/2015\/11\/BURYAILE.jpg\" alt=\"BURYAILE\" width=\"380\" height=\"254\" srcset=\"http:\/\/rurallascolonias.com.ar\/wp-content\/uploads\/2015\/11\/BURYAILE.jpg 380w, http:\/\/rurallascolonias.com.ar\/wp-content\/uploads\/2015\/11\/BURYAILE-300x201.jpg 300w\" sizes=\"(max-width: 380px) 100vw, 380px\" \/><\/a>El agro que viene. El ahora diputado fue elegido por el gobierno de Mauricio Macri para ocupar esta cartera a partir del 10 de diciembre<\/em><\/strong><!--more--><\/p>\n<p>El futuro Jefe de Gabinete del gobierno de Mauricio Macri, Marcos Pe\u00f1a, confirm\u00f3 esta tade que el diputado radical por Formosa, Ricardo Buryaile ser\u00e1 el ministro de Agricultura, Pesca y Ganader\u00eda, descartando as\u00ed las versiones que indicaban que el presidente de la Sociedad Rural Argentina, Luis Miguel Etchevehere.<\/p>\n<p>Buryaile es el segundo ministro perteneciente a la UCR confirmado para el gabinete presidencial que tomar\u00e1 posesi\u00f3n el pr\u00f3ximo 10 de diciembre, junto con el diputado Jos\u00e9 Cano, que ir\u00e1 Ministerio de Salud.<\/p>\n<p>El primer ofrecimiento hecho por Macri a la UCR fue para el presidente del comit\u00e9 nacional, Ernesto Sanz, quien declin\u00f3 de asumir como ministro de Justicia por \u00abmotivos personales\u00bb.<\/p>\n<p>El futuro titular del Ministerio de Agricultura viene de perder la elecci\u00f3n por la intendencia de la capital de Formosa y, antes de resultar electo diputado en 2013, fue vicepresidente de Confederaciones Rurales Argentinas (CRA).<\/p>\n<p>En los \u00faltimos d\u00edas, Etchevehere, de buena relaci\u00f3n con el presidente electo, hab\u00eda sido mencionado como un posible ministro de Agricultura, aunque eso qued\u00f3 descartado.<\/p>\n","protected":false},"excerpt":{"rendered":"<p>El agro que viene. El ahora diputado fue elegido por el gobierno de Mauricio Macri para ocupar esta cartera a partir del 10 de diciembre<\/p>\n","protected":false},"author":5,"featured_media":0,"comment_status":"open","ping_status":"open","sticky":false,"template":"","format":"standard","meta":[],"categories":[42],"tags":[23,2448],"_links":{"self":[{"href":"http:\/\/rurallascolonias.com.ar\/index.php?rest_route=\/wp\/v2\/posts\/8903"}],"collection":[{"href":"http:\/\/rurallascolonias.com.ar\/index.php?rest_route=\/wp\/v2\/posts"}],"about":[{"href":"http:\/\/rurallascolonias.com.ar\/index.php?rest_route=\/wp\/v2\/types\/post"}],"author":[{"embeddable":true,"href":"http:\/\/rurallascolonias.com.ar\/index.php?rest_route=\/wp\/v2\/users\/5"}],"replies":[{"embeddable":true,"href":"http:\/\/rurallascolonias.com.ar\/index.php?rest_route=%2Fwp%2Fv2%2Fcomments&post=8903"}],"version-history":[{"count":1,"href":"http:\/\/rurallascolonias.com.ar\/index.php?rest_route=\/wp\/v2\/posts\/8903\/revisions"}],"predecessor-version":[{"id":8905,"href":"http:\/\/rurallascolonias.com.ar\/index.php?rest_route=\/wp\/v2\/posts\/8903\/revisions\/8905"}],"wp:attachment":[{"href":"http:\/\/rurallascolonias.com.ar\/index.php?rest_route=%2Fwp%2Fv2%2Fmedia&parent=8903"}],"wp:term":[{"taxonomy":"category","embeddable":true,"href":"http:\/\/rurallascolonias.com.ar\/index.php?rest_route=%2Fwp%2Fv2%2Fcategories&post=8903"},{"taxonomy":"post_tag","embeddable":true,"href":"http:\/\/rurallascolonias.com.ar\/index.php?rest_route=%2Fwp%2Fv2%2Ftags&post=8903"}],"curies":[{"name":"wp","href":"https:\/\/api.w.org\/{rel}","templated":true}]}}