{"id":889,"date":"2014-01-13T17:15:03","date_gmt":"2014-01-13T17:15:03","guid":{"rendered":"http:\/\/rurallascolonias.com.ar\/?p=889"},"modified":"2014-01-13T17:15:03","modified_gmt":"2014-01-13T17:15:03","slug":"por-la-mayor-produccion-levantaran-el-cepo-a-la-exportacion-de-trigo","status":"publish","type":"post","link":"http:\/\/rurallascolonias.com.ar\/?p=889","title":{"rendered":"POR LA MAYOR PRODUCCI\u00d3N LEVANTAR\u00c1N EL CEPO A LA EXPORTACI\u00d3N DE TRIGO"},"content":{"rendered":"<div><a href=\"http:\/\/rurallascolonias.com.ar\/wp-content\/uploads\/2014\/01\/exportaci\u00f3n-de-trigo.jpg\"><img loading=\"lazy\" class=\"aligncenter size-full wp-image-890\" alt=\"exportaci\u00f3n de trigo\" src=\"http:\/\/rurallascolonias.com.ar\/wp-content\/uploads\/2014\/01\/exportaci\u00f3n-de-trigo.jpg\" width=\"290\" height=\"174\" \/><\/a>Hoy o ma\u00f1ana se har\u00eda el anuncio; en total se habilitar\u00eda el env\u00edo al exterior de 2,5 millones de toneladas.<!--more--><\/div>\n<div><\/div>\n<div>\n<p>Finalizada la cosecha de trigo, el Gobierno abrir\u00e1 la exportaci\u00f3n de este cereal. La decisi\u00f3n la tomaron en conjunto el jefe de Gabinete, Jorge Capitanich; el ministro de Econom\u00eda, Axel Kicillof, y su par de Agricultura, Carlos Casamiquela, y ser\u00e1 comunicada oficialmente hoy o ma\u00f1ana a m\u00e1s tardar.<\/p>\n<p>\u00abEl anuncio de la apertura es inminente\u00bb, cont\u00f3 una fuente con acceso a la negociaci\u00f3n de los funcionarios de Cristina Kirchner en los \u00faltimos d\u00edas.<\/p>\n<p>Luego de que tras una magra cosecha -de s\u00f3lo 8,2 millones de toneladas el a\u00f1o pasado- se registrara una crisis de abastecimiento que hizo disparar los precios de la harina y el pan, las autoridades aguardaron esta vez a que concluyera la cosecha 2013\/2014 para permitir la exportaci\u00f3n. Y las ventas se habilitar\u00e1n porque hubo una producci\u00f3n que deja conforme al Gobierno.<\/p>\n<p>El mes pasado, el Ministerio de Agricultura proyect\u00f3 una recolecci\u00f3n de 9 millones de toneladas. Ahora se volvi\u00f3 a analizar la producci\u00f3n y en esa cartera estar\u00edan por elevarla a una cifra cercana de 9,5 millones de toneladas. El anuncio oficial, que seg\u00fan trascendi\u00f3 se estaba analizando si lo hac\u00eda Capitanich o Kicillof, tendr\u00eda dos partes.<\/p>\n<p>Por un lado, se dar\u00e1 cumplimiento a una promesa que anticip\u00f3 Casamiquela hace menos de un mes en una entrevista con LA NACION: darles prioridad en los embarques a los permisos de exportaci\u00f3n prorrogados del ciclo pasado por 1,5 millones de toneladas.<\/p>\n<p><strong>MECANISMO AUTOM\u00c1TICO<\/strong><\/p>\n<p align=\"justify\">Casamiquela en la entrevista tambi\u00e9n hab\u00eda prometido un mecanismo de permisos de exportaci\u00f3n \u00abcasi autom\u00e1tico\u00bb y medidas para impulsar la siembra de 2014, pero esos temas quedar\u00e1n para una mesa de trabajo para trigo que se convocar\u00e1 en Agricultura con la participaci\u00f3n de funcionarios que responden a Kicillof.<\/p>\n<p align=\"justify\">Por lo pronto, adem\u00e1s de 1,5 millones de toneladas con permisos prorrogados, tambi\u00e9n se abrir\u00eda para vender un adicional de un mill\u00f3n de toneladas.<\/p>\n<p align=\"justify\">De esta forma, el total de la apertura ascender\u00eda a 2,5 millones de toneladas, cifra que representa divisas por US$ 825 millones.<\/p>\n<p align=\"justify\">Ese dinero, no obstante, no ingresar\u00e1 ahora de golpe. En realidad, los exportadores ya adelantaron una parte para comprar casi 1,2 millones de toneladas que tienen en sus silos. Si el Gobierno determinara un saldo total exportable de 2,5 millones, por lo que les resta comprar estos operadores podr\u00edan hacer ingresar divisas por m\u00e1s de US$ 420 millones.<\/p>\n<p align=\"justify\"><strong>UN SALDO MUY POBRE<\/strong><\/p>\n<p align=\"justify\">Un dato: si el saldo total autorizado es de 2,5 millones de toneladas, ser\u00eda un registro m\u00e1s bajo que el de 3 millones de toneladas de 2013. Habr\u00eda que remontarse a 1978, 36 a\u00f1os atr\u00e1s, para encontrar un registro m\u00e1s bajo de embarques, con 1,44 millones de toneladas.<\/p>\n<p align=\"justify\">Por ello, aparte del saldo que ahora se abra, en marzo el Gobierno les pedir\u00eda a los productores que declaren cu\u00e1nta existencia de trigo a\u00fan pueden disponer como para eventualmente permitir una exportaci\u00f3n adicional de 500.000 toneladas o m\u00e1s.<\/p>\n<p align=\"justify\">Lo que no se conoce a\u00fan es c\u00f3mo se repartir\u00e1n los nuevos permisos de exportaci\u00f3n. El Gobierno tiene que definir si les da todos los permisos al Centro de Exportadores de Cereales-C\u00e1mara de la Industria Aceitera (Ciara-Cec), donde tallan las grandes multinacionales, o deja que participe tambi\u00e9n la C\u00e1mara de Productores y Exportadores de Cereales y Oleaginosas (Capeco), una entidad m\u00e1s nueva cuya creaci\u00f3n fue impulsada por el ex secretario de Comercio Interior Guillermo Moreno para albergar a cooperativas y pymes, aunque tambi\u00e9n sum\u00f3 a operadores grandes.<\/p>\n<p align=\"justify\">Por la mercader\u00eda que los exportadores ya tienen comprada, los analistas no vislumbran un impacto definido en el precio del cereal.<\/p>\n<p align=\"justify\">\u00abNo me parece que tenga un impacto, pero tal vez suba un poco si son 2,5 millones de toneladas\u00bb, analiz\u00f3 Gustavo L\u00f3pez, consultor de Agritrend.<\/p>\n<p align=\"justify\">En tanto, Lorena D&#8217;Angelo, analista de FyO, se\u00f1al\u00f3 que la evoluci\u00f3n de los precios \u00abser\u00eda alcista para la exportaci\u00f3n, pero el impacto va a depender del volumen\u00bb.<\/p>\n<p align=\"justify\">El saldo que se habilite exportar tendr\u00e1 como principal destino a Brasil, que por la baja oferta argentina este a\u00f1o igual deber\u00e1 abastecerse en otros mercados para suplir sus hist\u00f3ricas necesidades de importaci\u00f3n de seis millones de toneladas de manera de hacer frente a la demanda interna. La Argentina antes le aseguraba ese volumen.<\/p>\n<p align=\"justify\">A todo esto, al dejar abierta la exportaci\u00f3n el Gobierno conseguir\u00e1 que empiece a nutrirse de fondos el fideicomiso que anunci\u00f3 la Presidenta en mayo de 2013 para devolver las retenciones del cereal a los productores.<\/p>\n<p align=\"justify\">Fuente:\u00a0<a title=\"La Naci\u00f3n\" href=\"http:\/\/www.lanacion.com\/\">La Naci\u00f3n<\/a><\/p>\n<\/div>\n","protected":false},"excerpt":{"rendered":"<p>Hoy o ma\u00f1ana se har\u00eda el anuncio; en total se habilitar\u00eda el env\u00edo al exterior de 2,5 millones de toneladas.<\/p>\n","protected":false},"author":5,"featured_media":0,"comment_status":"closed","ping_status":"closed","sticky":false,"template":"","format":"standard","meta":[],"categories":[42],"tags":[363,364,362],"_links":{"self":[{"href":"http:\/\/rurallascolonias.com.ar\/index.php?rest_route=\/wp\/v2\/posts\/889"}],"collection":[{"href":"http:\/\/rurallascolonias.com.ar\/index.php?rest_route=\/wp\/v2\/posts"}],"about":[{"href":"http:\/\/rurallascolonias.com.ar\/index.php?rest_route=\/wp\/v2\/types\/post"}],"author":[{"embeddable":true,"href":"http:\/\/rurallascolonias.com.ar\/index.php?rest_route=\/wp\/v2\/users\/5"}],"replies":[{"embeddable":true,"href":"http:\/\/rurallascolonias.com.ar\/index.php?rest_route=%2Fwp%2Fv2%2Fcomments&post=889"}],"version-history":[{"count":1,"href":"http:\/\/rurallascolonias.com.ar\/index.php?rest_route=\/wp\/v2\/posts\/889\/revisions"}],"predecessor-version":[{"id":891,"href":"http:\/\/rurallascolonias.com.ar\/index.php?rest_route=\/wp\/v2\/posts\/889\/revisions\/891"}],"wp:attachment":[{"href":"http:\/\/rurallascolonias.com.ar\/index.php?rest_route=%2Fwp%2Fv2%2Fmedia&parent=889"}],"wp:term":[{"taxonomy":"category","embeddable":true,"href":"http:\/\/rurallascolonias.com.ar\/index.php?rest_route=%2Fwp%2Fv2%2Fcategories&post=889"},{"taxonomy":"post_tag","embeddable":true,"href":"http:\/\/rurallascolonias.com.ar\/index.php?rest_route=%2Fwp%2Fv2%2Ftags&post=889"}],"curies":[{"name":"wp","href":"https:\/\/api.w.org\/{rel}","templated":true}]}}