{"id":8869,"date":"2015-11-24T16:02:37","date_gmt":"2015-11-24T16:02:37","guid":{"rendered":"http:\/\/rurallascolonias.com.ar\/?p=8869"},"modified":"2015-11-24T16:02:37","modified_gmt":"2015-11-24T16:02:37","slug":"macri-ratifico-su-posicion-en-torno-a-las-retenciones-en-los-granos","status":"publish","type":"post","link":"http:\/\/rurallascolonias.com.ar\/?p=8869","title":{"rendered":"Macri ratific\u00f3 su posici\u00f3n en torno a las retenciones en los granos"},"content":{"rendered":"<p><em><strong><\/strong><\/em><\/p>\n<h2><a href=\"http:\/\/rurallascolonias.com.ar\/wp-content\/uploads\/2015\/11\/MACRI1.jpg\"><img loading=\"lazy\" class=\"aligncenter size-full wp-image-8870\" src=\"http:\/\/rurallascolonias.com.ar\/wp-content\/uploads\/2015\/11\/MACRI1.jpg\" alt=\"MACRI\" width=\"240\" height=\"176\" \/><\/a>\u201cLo que nos hemos comprometido va a empezar a funcionar lo antes posible, calculo yo desde el primer d\u00eda\u00bb, asegur\u00f3 en su primera conferencia de prensa como Presidente electo<\/h2>\n<p><!--more--><\/p>\n<p>El presidente electo, Mauricio Macri, asegur\u00f3 que pondr\u00e1 en marcha el plan para el campo \u00abdesde el primer d\u00eda\u201d, ante la consulta de un periodista de la agencia Bloomberg sobre la quita de retenciones al trigo y ma\u00edz, prometida en su campa\u00f1a.<\/p>\n<p>\u201cQueremos que los que puedan, se pongan a sembrar, a producir\u00bb, expres\u00f3. Y agreg\u00f3: \u00abla propuesta para el campo la sostenemos. Lo que nos hemos comprometido va a empezar a funcionar lo antes posible, calculo yo desde el primer d\u00eda\u00bb.<\/p>\n<p>Por otra parte, se\u00f1al\u00f3: \u00abno va a haber un ministro de Econom\u00eda, sino de Hacienda y Finanzas y ministros para tomar contacto de c\u00f3mo va a ser la situaci\u00f3n. \u201cNos quedan seis d\u00edas h\u00e1biles, as\u00ed que les pido un poco de paciencia\u00bb.<\/p>\n<p><strong>Fuente: Nuestro Agro<\/strong><\/p>\n","protected":false},"excerpt":{"rendered":"<p>\u201cLo que nos hemos comprometido va a empezar a funcionar lo antes posible, calculo yo desde el primer d\u00eda\u00bb, asegur\u00f3 en su primera conferencia de prensa como Presidente electo<\/p>\n","protected":false},"author":5,"featured_media":0,"comment_status":"open","ping_status":"open","sticky":false,"template":"","format":"standard","meta":[],"categories":[18],"tags":[790,2443,2444],"_links":{"self":[{"href":"http:\/\/rurallascolonias.com.ar\/index.php?rest_route=\/wp\/v2\/posts\/8869"}],"collection":[{"href":"http:\/\/rurallascolonias.com.ar\/index.php?rest_route=\/wp\/v2\/posts"}],"about":[{"href":"http:\/\/rurallascolonias.com.ar\/index.php?rest_route=\/wp\/v2\/types\/post"}],"author":[{"embeddable":true,"href":"http:\/\/rurallascolonias.com.ar\/index.php?rest_route=\/wp\/v2\/users\/5"}],"replies":[{"embeddable":true,"href":"http:\/\/rurallascolonias.com.ar\/index.php?rest_route=%2Fwp%2Fv2%2Fcomments&post=8869"}],"version-history":[{"count":1,"href":"http:\/\/rurallascolonias.com.ar\/index.php?rest_route=\/wp\/v2\/posts\/8869\/revisions"}],"predecessor-version":[{"id":8871,"href":"http:\/\/rurallascolonias.com.ar\/index.php?rest_route=\/wp\/v2\/posts\/8869\/revisions\/8871"}],"wp:attachment":[{"href":"http:\/\/rurallascolonias.com.ar\/index.php?rest_route=%2Fwp%2Fv2%2Fmedia&parent=8869"}],"wp:term":[{"taxonomy":"category","embeddable":true,"href":"http:\/\/rurallascolonias.com.ar\/index.php?rest_route=%2Fwp%2Fv2%2Fcategories&post=8869"},{"taxonomy":"post_tag","embeddable":true,"href":"http:\/\/rurallascolonias.com.ar\/index.php?rest_route=%2Fwp%2Fv2%2Ftags&post=8869"}],"curies":[{"name":"wp","href":"https:\/\/api.w.org\/{rel}","templated":true}]}}