{"id":8843,"date":"2015-11-20T16:39:55","date_gmt":"2015-11-20T16:39:55","guid":{"rendered":"http:\/\/rurallascolonias.com.ar\/?p=8843"},"modified":"2015-11-20T16:40:25","modified_gmt":"2015-11-20T16:40:25","slug":"la-mesa-de-lecheria-espera-cambios-del-nuevo-gobierno","status":"publish","type":"post","link":"http:\/\/rurallascolonias.com.ar\/?p=8843","title":{"rendered":"La Mesa de Lecher\u00eda espera cambios del nuevo gobierno"},"content":{"rendered":"<p><strong><em><a href=\"http:\/\/rurallascolonias.com.ar\/wp-content\/uploads\/2014\/05\/lecher\u00eda-argentina.jpg\"><br \/>\n<\/a><a href=\"http:\/\/rurallascolonias.com.ar\/wp-content\/uploads\/2015\/11\/orde\u00f1e.jpg\"><img loading=\"lazy\" class=\"aligncenter size-full wp-image-8661\" src=\"http:\/\/rurallascolonias.com.ar\/wp-content\/uploads\/2015\/11\/orde\u00f1e.jpg\" alt=\"orde\u00f1e\" width=\"337\" height=\"149\" srcset=\"http:\/\/rurallascolonias.com.ar\/wp-content\/uploads\/2015\/11\/orde\u00f1e.jpg 337w, http:\/\/rurallascolonias.com.ar\/wp-content\/uploads\/2015\/11\/orde\u00f1e-300x133.jpg 300w\" sizes=\"(max-width: 337px) 100vw, 337px\" \/><\/a>Reclam\u00f3 que las pr\u00f3ximas medidas econ\u00f3micas no le pongan un \u00abbrete\u00bb a la actividad<\/em><\/strong><!--more--><\/p>\n<div class=\"authorinfo\"><\/div>\n<div class=\"vsmcontent\">\n<p>La Mesa Nacional de Productores de Leche (MNPL) emiti\u00f3 un comunicado en donde afirma que \u201cante un escenario pr\u00f3ximo de cambios en la conducci\u00f3n pol\u00edtica, la producci\u00f3n lechera se enfrenta a una problem\u00e1tica tan dif\u00edcil como incierta\u00bb.<\/p>\n<p>\u00abNada indica que se avecinen vientos de mejora en una producci\u00f3n muy compleja, con variables macro y micro econ\u00f3micas distorsionadas. Las decisiones que se tomaron hasta ahora nada indica que sean las correctas para mantener una explotaci\u00f3n econ\u00f3micamente viable. El sector primario ha transferido aguas arriba U$S 7.316.163.870 en los \u00faltimos 9 a\u00f1os. Esta situaci\u00f3n no se aguanta m\u00e1s\u00bb, sostuvo la MNPL.<\/p>\n<p>En tanto, plante\u00f3 \u00ab\u00bfhabr\u00e1 respuestas para las inc\u00f3gnitas que cada productor se plantea?\u00bb. Tras lo cual, la Mesa enumer\u00f3 una serie de temas que son de preocupaci\u00f3n para el sector:<\/p>\n<p>*Bajos precios internacionales y una tendencia a la baja o al menos por debajo de los U$S 3.000 la tn de leche en polvo en los pr\u00f3ximos 12 meses. La producci\u00f3n financia los stocks de la industria.<\/p>\n<p>*\u00bfHabr\u00e1 en g\u00f3ndola libertad de precios de todos los productos o control en forma selectiva?<\/p>\n<p>*\u00bfCu\u00e1l ser\u00e1 el comportamiento de las principales empresas procesadoras con deudas en d\u00f3lares y un estado financiero comprometido?<\/p>\n<p>*\u00bfHabr\u00e1 un tipo de cambio futuro m\u00e1s alto?<\/p>\n<p>*Los insumos comprados est\u00e1n dolarizados.<\/p>\n<p>*El precio de leche en tranquera de tambo con atraso de 10 meses o m\u00e1s. Precio de quebranto, entre 2,25 y 2,70.<\/p>\n<p>*Encarecimiento de la alimentaci\u00f3n de las vacas (Ma\u00edz, Soja, Pellet de trigo), subir\u00e1n con un tipo de cambio mayor. Confecci\u00f3n de silo de ma\u00edz m\u00e1s caro.<\/p>\n<p>*Producci\u00f3n sin financiamiento y de haberlo con tasas en aumento.<\/p>\n<p>*Corrimiento de fecha de pago de 30\/40 d\u00edas a cerca de 70 d\u00edas. Con alta inflaci\u00f3n hay p\u00e9rdida de valor al momento de cobro.<\/p>\n<p>*Cartelizaci\u00f3n inducida de la industria en la compra.<\/p>\n<p>La Mesa de Lecher\u00eda pidi\u00f3 al nuevo gobierno que \u00ablas medidas econ\u00f3micas no embreten a los productores hacia la liquidaci\u00f3n forzosa como ocurri\u00f3 en el 2002 donde se liquid\u00f3 un quinto del rodeo nacional y se tard\u00f3 cinco a\u00f1os en recuperarse parcialmente con un da\u00f1o generalizado, o el caso similar del plan Austral que llev\u00f3 al laudo Alfons\u00edn que fue malo y tard\u00edo\u00bb.<\/p>\n<p>\u00ab\u00bfLos dos candidatos con posibilidad de gobernar a partir de diciembre conocen estos problemas?\u00bfTendr\u00e1n respuestas los equipos t\u00e9cnicos que trabajan con ellos y han tenido en cuenta esta problem\u00e1tica? La producci\u00f3n quiere repuestas\u00bb, finaliz\u00f3 el comunicado.<\/p>\n<p>Fuente: <a title=\"noticias agropecuarias\" href=\"http:\/\/www.noticiasagropecuarias.com\/\">noticias agropecuarias<\/a><\/p>\n<\/div>\n","protected":false},"excerpt":{"rendered":"<p>Reclam\u00f3 que las pr\u00f3ximas medidas econ\u00f3micas no le pongan un \u00abbrete\u00bb a la actividad<\/p>\n","protected":false},"author":5,"featured_media":0,"comment_status":"open","ping_status":"open","sticky":false,"template":"","format":"standard","meta":[],"categories":[46,33],"tags":[2436],"_links":{"self":[{"href":"http:\/\/rurallascolonias.com.ar\/index.php?rest_route=\/wp\/v2\/posts\/8843"}],"collection":[{"href":"http:\/\/rurallascolonias.com.ar\/index.php?rest_route=\/wp\/v2\/posts"}],"about":[{"href":"http:\/\/rurallascolonias.com.ar\/index.php?rest_route=\/wp\/v2\/types\/post"}],"author":[{"embeddable":true,"href":"http:\/\/rurallascolonias.com.ar\/index.php?rest_route=\/wp\/v2\/users\/5"}],"replies":[{"embeddable":true,"href":"http:\/\/rurallascolonias.com.ar\/index.php?rest_route=%2Fwp%2Fv2%2Fcomments&post=8843"}],"version-history":[{"count":2,"href":"http:\/\/rurallascolonias.com.ar\/index.php?rest_route=\/wp\/v2\/posts\/8843\/revisions"}],"predecessor-version":[{"id":8845,"href":"http:\/\/rurallascolonias.com.ar\/index.php?rest_route=\/wp\/v2\/posts\/8843\/revisions\/8845"}],"wp:attachment":[{"href":"http:\/\/rurallascolonias.com.ar\/index.php?rest_route=%2Fwp%2Fv2%2Fmedia&parent=8843"}],"wp:term":[{"taxonomy":"category","embeddable":true,"href":"http:\/\/rurallascolonias.com.ar\/index.php?rest_route=%2Fwp%2Fv2%2Fcategories&post=8843"},{"taxonomy":"post_tag","embeddable":true,"href":"http:\/\/rurallascolonias.com.ar\/index.php?rest_route=%2Fwp%2Fv2%2Ftags&post=8843"}],"curies":[{"name":"wp","href":"https:\/\/api.w.org\/{rel}","templated":true}]}}