{"id":884,"date":"2014-01-13T14:07:30","date_gmt":"2014-01-13T14:07:30","guid":{"rendered":"http:\/\/rurallascolonias.com.ar\/?p=884"},"modified":"2014-01-13T14:07:30","modified_gmt":"2014-01-13T14:07:30","slug":"etchevehere-casamiquela-desperdicio-dos-meses","status":"publish","type":"post","link":"http:\/\/rurallascolonias.com.ar\/?p=884","title":{"rendered":"ETCHEVEHERE: \u00abCasamiquela desperdici\u00f3 dos meses\u201d"},"content":{"rendered":"<p><a href=\"http:\/\/rurallascolonias.com.ar\/wp-content\/uploads\/2014\/01\/ETCHEVEHERE.jpg\"><img loading=\"lazy\" class=\"alignleft size-full wp-image-844\" alt=\"ETCHEVEHERE}\" src=\"http:\/\/rurallascolonias.com.ar\/wp-content\/uploads\/2014\/01\/ETCHEVEHERE.jpg\" width=\"280\" height=\"124\" \/><\/a>El titular de la Sociedad Rural Argentina,\u00a0cuestion\u00f3 la gesti\u00f3n del Ministro de Agricultura. Reclam\u00f3 una reuni\u00f3n urgente entre la Mesa de Enlace y el funcionario. Adelant\u00f3 los reclamos de la reuni\u00f3n de hoy.<!--more--><\/p>\n<p>Luis Miguel Etchevehere se refiri\u00f3 al encuentro que mantendr\u00e1n t\u00e9cnicos ganaderos con el Gobierno. \u201cLa situaci\u00f3n es muy f\u00e1cil de explicar. Hace cuatro a\u00f1o que tenemos estas propuestas que llevaremos al Gobierno. Tenemos claro que es lo que hace da\u00f1o y vamos a pedir que se revierta esa pol\u00edtica\u201d.<\/p>\n<p>El presidente de la SRA asegur\u00f3 que hay pa\u00edses como Paraguay, Brasil, Bolivia, Colombia y Uruguay que tienen cortes m\u00e1s baratos. \u201cEl fracaso est\u00e1 en la Argentina. Tenemos 10 millones menos de cabeza y hay 15 mil trabajadores de la carne en la calle\u201d, sostuvo.<\/p>\n<p>Etchevehere critic\u00f3 al ministro de Agricultura, Carlos Casamiquela a quien le reclam\u00f3 un encuentro urgente. \u201cPretendemos pol\u00edticas estables. Y Casamiquela desperdici\u00f3 dos mesas. Tiene que haber una reuni\u00f3n pol\u00edtica con la Mesa de Enlace, los representantes del sector\u201d agropecuario.<\/p>\n<p>Por otra parte, explic\u00f3 la situaci\u00f3n del trigo y cuestion\u00f3 a Jorge Capitanich quien calific\u00f3 de \u201cincoherente\u201d la propuesta de Sergio Massa para eliminar retenciones a productos agropecuarios. \u201cPor culpa del Gobierno estamos en esta situaci\u00f3n. Van a cometer el mismo error que el a\u00f1o pasado y vamos a seguir con problemas. No se entiende que apliquen las mismas pol\u00edticas que ya fracasaron el a\u00f1o pasado. Ac\u00e1 hay dos grandes perdedores: los productores y los consumidores\u201d.<\/p>\n<p>Fuente: Edici\u00f3n Rural<\/p>\n","protected":false},"excerpt":{"rendered":"<p>El titular de la Sociedad Rural Argentina,\u00a0cuestion\u00f3 la gesti\u00f3n del Ministro de Agricultura. Reclam\u00f3 una reuni\u00f3n urgente entre la Mesa de Enlace y el funcionario. Adelant\u00f3 los reclamos de la reuni\u00f3n de hoy.<\/p>\n","protected":false},"author":5,"featured_media":0,"comment_status":"closed","ping_status":"closed","sticky":false,"template":"","format":"standard","meta":[],"categories":[33],"tags":[56],"_links":{"self":[{"href":"http:\/\/rurallascolonias.com.ar\/index.php?rest_route=\/wp\/v2\/posts\/884"}],"collection":[{"href":"http:\/\/rurallascolonias.com.ar\/index.php?rest_route=\/wp\/v2\/posts"}],"about":[{"href":"http:\/\/rurallascolonias.com.ar\/index.php?rest_route=\/wp\/v2\/types\/post"}],"author":[{"embeddable":true,"href":"http:\/\/rurallascolonias.com.ar\/index.php?rest_route=\/wp\/v2\/users\/5"}],"replies":[{"embeddable":true,"href":"http:\/\/rurallascolonias.com.ar\/index.php?rest_route=%2Fwp%2Fv2%2Fcomments&post=884"}],"version-history":[{"count":1,"href":"http:\/\/rurallascolonias.com.ar\/index.php?rest_route=\/wp\/v2\/posts\/884\/revisions"}],"predecessor-version":[{"id":885,"href":"http:\/\/rurallascolonias.com.ar\/index.php?rest_route=\/wp\/v2\/posts\/884\/revisions\/885"}],"wp:attachment":[{"href":"http:\/\/rurallascolonias.com.ar\/index.php?rest_route=%2Fwp%2Fv2%2Fmedia&parent=884"}],"wp:term":[{"taxonomy":"category","embeddable":true,"href":"http:\/\/rurallascolonias.com.ar\/index.php?rest_route=%2Fwp%2Fv2%2Fcategories&post=884"},{"taxonomy":"post_tag","embeddable":true,"href":"http:\/\/rurallascolonias.com.ar\/index.php?rest_route=%2Fwp%2Fv2%2Ftags&post=884"}],"curies":[{"name":"wp","href":"https:\/\/api.w.org\/{rel}","templated":true}]}}