{"id":8797,"date":"2015-11-17T10:51:31","date_gmt":"2015-11-17T10:51:31","guid":{"rendered":"http:\/\/rurallascolonias.com.ar\/?p=8797"},"modified":"2015-11-17T16:53:53","modified_gmt":"2015-11-17T16:53:53","slug":"el-nino-impactaria-fuerte-en-el-verano-y-en-el-otono","status":"publish","type":"post","link":"http:\/\/rurallascolonias.com.ar\/?p=8797","title":{"rendered":"El Ni\u00f1o impactar\u00eda fuerte en el verano y en el oto\u00f1o"},"content":{"rendered":"<p><strong><em><a href=\"http:\/\/rurallascolonias.com.ar\/wp-content\/uploads\/2015\/11\/El-Ni\u00f1o.jpg\"><img loading=\"lazy\" class=\"aligncenter size-full wp-image-8798\" src=\"http:\/\/rurallascolonias.com.ar\/wp-content\/uploads\/2015\/11\/El-Ni\u00f1o.jpg\" alt=\"El Ni\u00f1o\" width=\"260\" height=\"194\" \/><\/a>Si bien se pronostican lluvias por encima de lo normal, esto no necesariamente significa precipitaciones extremas. Adem\u00e1s, su impacto diferir\u00e1 seg\u00fan la zona. Por ahora, la cuenca del Paran\u00e1 no recibi\u00f3 lluvias importantes<\/em><\/strong><!--more--><\/p>\n<p>Carlos Paoli, director del Centro Regional Litoral del Instituto Nacional del Agua (INA), expres\u00f3 que \u201clas predicciones del Ni\u00f1o fuerte se mantienen en pie. No hubo ning\u00fan cambio. Ahora, esto no significa necesariamente que en todos los lugares se vayan a producir condiciones extremas. En algunas zonas se manifiesta m\u00e1s y en otras menos\u201d.<\/p>\n<p>Adem\u00e1s, Carlos Paoli agreg\u00f3 que \u201chubo un incremento de lluvias en zona este en la cuenca del plata (en el norte de Uruguay y el sur de Brasil). Esto no impacto en al cuenca del Paran\u00e1, donde no hubo lluvias importantes\u201d.<\/p>\n<p>\u201cLos efectos del Ni\u00f1o, probablemente, se sientan m\u00e1s en el verano y en el oto\u00f1o. Lo que no podemos decir es d\u00f3nde va a impactar m\u00e1s. En otras \u00e9pocas, el Ni\u00f1o mejor\u00f3 la producci\u00f3n agr\u00edcola en lugares donde llueve poco\u201d, subray\u00f3 el director del INA.<\/p>\n<p>Fuente: lt10digital<\/p>\n","protected":false},"excerpt":{"rendered":"<p>Si bien se pronostican lluvias por encima de lo normal, esto no necesariamente significa precipitaciones extremas. Adem\u00e1s, su impacto diferir\u00e1 seg\u00fan la zona. Por ahora, la cuenca del Paran\u00e1 no recibi\u00f3 lluvias importantes<\/p>\n","protected":false},"author":5,"featured_media":0,"comment_status":"open","ping_status":"open","sticky":false,"template":"","format":"standard","meta":[],"categories":[40],"tags":[2287],"_links":{"self":[{"href":"http:\/\/rurallascolonias.com.ar\/index.php?rest_route=\/wp\/v2\/posts\/8797"}],"collection":[{"href":"http:\/\/rurallascolonias.com.ar\/index.php?rest_route=\/wp\/v2\/posts"}],"about":[{"href":"http:\/\/rurallascolonias.com.ar\/index.php?rest_route=\/wp\/v2\/types\/post"}],"author":[{"embeddable":true,"href":"http:\/\/rurallascolonias.com.ar\/index.php?rest_route=\/wp\/v2\/users\/5"}],"replies":[{"embeddable":true,"href":"http:\/\/rurallascolonias.com.ar\/index.php?rest_route=%2Fwp%2Fv2%2Fcomments&post=8797"}],"version-history":[{"count":1,"href":"http:\/\/rurallascolonias.com.ar\/index.php?rest_route=\/wp\/v2\/posts\/8797\/revisions"}],"predecessor-version":[{"id":8799,"href":"http:\/\/rurallascolonias.com.ar\/index.php?rest_route=\/wp\/v2\/posts\/8797\/revisions\/8799"}],"wp:attachment":[{"href":"http:\/\/rurallascolonias.com.ar\/index.php?rest_route=%2Fwp%2Fv2%2Fmedia&parent=8797"}],"wp:term":[{"taxonomy":"category","embeddable":true,"href":"http:\/\/rurallascolonias.com.ar\/index.php?rest_route=%2Fwp%2Fv2%2Fcategories&post=8797"},{"taxonomy":"post_tag","embeddable":true,"href":"http:\/\/rurallascolonias.com.ar\/index.php?rest_route=%2Fwp%2Fv2%2Ftags&post=8797"}],"curies":[{"name":"wp","href":"https:\/\/api.w.org\/{rel}","templated":true}]}}