{"id":8778,"date":"2015-11-16T13:43:15","date_gmt":"2015-11-16T13:43:15","guid":{"rendered":"http:\/\/rurallascolonias.com.ar\/?p=8778"},"modified":"2015-11-16T13:43:15","modified_gmt":"2015-11-16T13:43:15","slug":"semana-mundial-sobre-el-buen-uso-de-antibioticos-en-animales","status":"publish","type":"post","link":"http:\/\/rurallascolonias.com.ar\/?p=8778","title":{"rendered":"Semana Mundial sobre el buen uso de antibi\u00f3ticos en animales"},"content":{"rendered":"<p><strong><em><a href=\"http:\/\/rurallascolonias.com.ar\/wp-content\/uploads\/2015\/11\/animales.jpg\"><img loading=\"lazy\" class=\"aligncenter size-full wp-image-8779\" src=\"http:\/\/rurallascolonias.com.ar\/wp-content\/uploads\/2015\/11\/animales.jpg\" alt=\"animales\" width=\"256\" height=\"197\" \/><\/a>Del 16 al 22 de noviembre e impulsada por la OMS y la OIE, la campa\u00f1a busca concientizar sobre los riesgos sanitarios que entra\u00f1a la resistencia a estos medicamentos<\/em><\/strong><!--more--><\/p>\n<p>Del 16 al 22 de noviembre se celebra la primera Semana Mundial de sensibilizaci\u00f3n sobre los antibi\u00f3ticos que busca promover el uso prudente de estos medicamentos fundamentales para preservar la salud humana y la sanidad y bienestar animal, inform\u00f3 el Servicio Nacional de Sanidad y Calidad Agroalimentaria.<\/p>\n<p>Impulsada por las organizaciones Mundial de Salud (OMS) y de Sanidad Animal (OIE), la campa\u00f1a \u201cAntibi\u00f3ticos: manejar con cuidado\u201d tambi\u00e9n se propone concientizar, a profesionales y a la sociedad en su conjunto, acerca de los riesgos sanitarios que entra\u00f1a la resistencia a los antibi\u00f3ticos por parte de bacterias para evitar y reducir su propagaci\u00f3n.<\/p>\n<p>El uso responsable y prudente de los medicamentos en animales, difundiendo las recomendaciones internacionales de la OIE para su aplicaci\u00f3n, permitir\u00e1 preservar su eficacia, de forma colectiva y a trav\u00e9s de una acci\u00f3n coordinada entre los sectores de la salud p\u00fablica, la sanidad animal y la salud ambiental.<\/p>\n<p>El Senasa remarc\u00f3 que \u00absolo garantizando un uso responsable y prudente de estos valiosos medicamentos, con la aplicaci\u00f3n de las normas internacionales de la OIE, podremos seguir preservando su eficacia, de forma colectiva y a trav\u00e9s de una acci\u00f3n coordinada entre los sectores de la salud p\u00fablica, la sanidad animal y la salud medioambiental\u00bb.<\/p>\n<p>Fuente: Noticias Agropecuarias<\/p>\n","protected":false},"excerpt":{"rendered":"<p>Del 16 al 22 de noviembre e impulsada por la OMS y la OIE, la campa\u00f1a busca concientizar sobre los riesgos sanitarios que entra\u00f1a la resistencia a estos medicamentos<\/p>\n","protected":false},"author":5,"featured_media":0,"comment_status":"open","ping_status":"open","sticky":false,"template":"","format":"standard","meta":[],"categories":[14],"tags":[1193,2425],"_links":{"self":[{"href":"http:\/\/rurallascolonias.com.ar\/index.php?rest_route=\/wp\/v2\/posts\/8778"}],"collection":[{"href":"http:\/\/rurallascolonias.com.ar\/index.php?rest_route=\/wp\/v2\/posts"}],"about":[{"href":"http:\/\/rurallascolonias.com.ar\/index.php?rest_route=\/wp\/v2\/types\/post"}],"author":[{"embeddable":true,"href":"http:\/\/rurallascolonias.com.ar\/index.php?rest_route=\/wp\/v2\/users\/5"}],"replies":[{"embeddable":true,"href":"http:\/\/rurallascolonias.com.ar\/index.php?rest_route=%2Fwp%2Fv2%2Fcomments&post=8778"}],"version-history":[{"count":1,"href":"http:\/\/rurallascolonias.com.ar\/index.php?rest_route=\/wp\/v2\/posts\/8778\/revisions"}],"predecessor-version":[{"id":8780,"href":"http:\/\/rurallascolonias.com.ar\/index.php?rest_route=\/wp\/v2\/posts\/8778\/revisions\/8780"}],"wp:attachment":[{"href":"http:\/\/rurallascolonias.com.ar\/index.php?rest_route=%2Fwp%2Fv2%2Fmedia&parent=8778"}],"wp:term":[{"taxonomy":"category","embeddable":true,"href":"http:\/\/rurallascolonias.com.ar\/index.php?rest_route=%2Fwp%2Fv2%2Fcategories&post=8778"},{"taxonomy":"post_tag","embeddable":true,"href":"http:\/\/rurallascolonias.com.ar\/index.php?rest_route=%2Fwp%2Fv2%2Ftags&post=8778"}],"curies":[{"name":"wp","href":"https:\/\/api.w.org\/{rel}","templated":true}]}}