{"id":8775,"date":"2015-11-16T13:39:38","date_gmt":"2015-11-16T13:39:38","guid":{"rendered":"http:\/\/rurallascolonias.com.ar\/?p=8775"},"modified":"2015-11-16T13:39:38","modified_gmt":"2015-11-16T13:39:38","slug":"el-nuevo-presidente-de-la-cra-reclamo-soluciones-rapidas-para-el-campo","status":"publish","type":"post","link":"http:\/\/rurallascolonias.com.ar\/?p=8775","title":{"rendered":"El nuevo presidente de la CRA reclam\u00f3 \u00absoluciones r\u00e1pidas\u00bb para el campo"},"content":{"rendered":"<p><strong><em><a href=\"http:\/\/rurallascolonias.com.ar\/wp-content\/uploads\/2015\/11\/CHIESA1.jpg\"><img loading=\"lazy\" class=\"alignleft size-full wp-image-8776\" src=\"http:\/\/rurallascolonias.com.ar\/wp-content\/uploads\/2015\/11\/CHIESA1.jpg\" alt=\"CHIESA\" width=\"337\" height=\"149\" srcset=\"http:\/\/rurallascolonias.com.ar\/wp-content\/uploads\/2015\/11\/CHIESA1.jpg 337w, http:\/\/rurallascolonias.com.ar\/wp-content\/uploads\/2015\/11\/CHIESA1-300x133.jpg 300w\" sizes=\"(max-width: 337px) 100vw, 337px\" \/><\/a>Dardo Chiesa, afirm\u00f3 que el campo vive \u00abproblemas reales y que necesitan soluciones en forma muy r\u00e1pida\u00bb, por lo que reclam\u00f3 \u00abm\u00e1s libertad\u00bb para comercializar al exterior cereales y oleaginosas. Sostuvo que con un nuevo gobierno \u00abs\u00ed, se tiene la esperanza, pero con el andar de los d\u00edas vamos a ver como ocurren las cosas\u00bb<\/em><\/strong><!--more--><\/p>\n<p>El nuevo presidente de Confederaciones Rurales Argentinas (CRA), Dardo Chiesa, afirm\u00f3 hoy que el campo vive \u00abproblemas reales y que necesitan soluciones en forma muy r\u00e1pida\u00bb, por lo que reclam\u00f3 \u00abm\u00e1s libertad\u00bb para comercializar al exterior cereales y oleaginosas.<\/p>\n<p><strong>El flamante directivo dijo que es \u00abes muy cauto\u00bb respecto a las perspectivas de un nuevo gobierno, aunque se mostr\u00f3 esperanzado en que ponga \u00abun poco de orden\u00bb en materia de comercializaci\u00f3n de granos.<\/strong><\/p>\n<p>\u00abLo nuestro son productores que est\u00e1n repartidos en toda la Rep\u00fablica\u00bb record\u00f3 y apunt\u00f3 que \u00abest\u00e1n esperando a ver como salen de una situaci\u00f3n de ahogo econ\u00f3mico muy importante\u00bb, por eso \u00abuno prefiere ser un poquito m\u00e1s cauto\u00bb.<\/p>\n<p>De todo modos, sostuvo que con un nuevo gobierno<strong> \u00abs\u00ed, se tiene la esperanza, pero con el andar de los d\u00edas vamos a ver como ocurren las cosas\u00bb.<\/strong><\/p>\n<p>Consultado por radio Mitre por el proyecto de ley oficial sobre el instituto argentino para la promoci\u00f3n de cereales y oleaginosas, aclar\u00f3 que \u00e9l no ley\u00f3 la iniciativa pero manifest\u00f3 que se permite \u00abdesconfiar\u00bb porque \u00abatr\u00e1s de estas cosas sobre todo este gobierno est\u00e1 tratando de encontrar lugares donde colocar gente y de marcar el rumbo a los que vienen\u00bb.<\/p>\n<p>Adem\u00e1s, afirm\u00f3 que \u00ablo \u00fanico que necesitamos para promover nuestros cereales y oleaginosas es m\u00e1s libertad\u00bb.<\/p>\n<p>\u00abPerdimos un mercado como el de trigo en Brasil, se lo entregamos a los canadienses, por autoexclusi\u00f3n, una autoexclusi\u00f3n que no tiene l\u00f3gica, es una cosa de locos lo que hemos hecho\u00bb, lament\u00f3.<\/p>\n<p>Chiesa plante\u00f3 que \u00abno necesitamos ning\u00fan instituto de nada para volver a colocar nuestros productos en el exterior, m\u00e1s que tener un poco de libertad, negocio claro, reglas claras para los productores, que sepan que por lo menos que cuando hacen el trigo, les vaya bien o mal, lo pueden vender\u00bb.<\/p>\n<p>\u00abLo que est\u00e1 pasando con los mercados de granos es una locura y espero que el pr\u00f3ximo gobierno ponga un poco de orden en esto\u00bb, anhel\u00f3.<\/p>\n<p><strong>Preguntado sobre c\u00f3mo se puede avanzar en una nueva ley de semillas, explic\u00f3 que la posici\u00f3n de CRA es que \u00abdefendemos el uso del bien propio para semillas\u00bb.<\/strong><\/p>\n<p>\u00abSabemos que hay un gran desarrollo intelectual, tecnol\u00f3gico, que cuesta mucho dinero sacar nuevos eventos. Sabemos que eso tiene que redundar en un beneficio para el semillero, las empresas que lo llevan para adelante. Ahora, de ah\u00ed a que se conviertan en socios de los productores, hay un abismo de diferencia. Hay que ver de que manera se puede solucionar esto\u00bb, se\u00f1al\u00f3.<\/p>\n<p>Y, juzg\u00f3 que \u00abhay un abuso extraordinario por parte de una compa\u00f1\u00eda de querer cobrar este evento a la salida de puertos\u00bb.<\/p>\n<p>Fuente: La Prensa<\/p>\n","protected":false},"excerpt":{"rendered":"<p>Dardo Chiesa, afirm\u00f3 que el campo vive \u00abproblemas reales y que necesitan soluciones en forma muy r\u00e1pida\u00bb, por lo que reclam\u00f3 \u00abm\u00e1s libertad\u00bb para comercializar al exterior cereales y oleaginosas. Sostuvo que con un nuevo gobierno \u00abs\u00ed, se tiene la esperanza, pero con el andar de los d\u00edas vamos a ver como ocurren las cosas\u00bb<\/p>\n","protected":false},"author":5,"featured_media":0,"comment_status":"open","ping_status":"open","sticky":false,"template":"","format":"standard","meta":[],"categories":[42],"tags":[95,2424],"_links":{"self":[{"href":"http:\/\/rurallascolonias.com.ar\/index.php?rest_route=\/wp\/v2\/posts\/8775"}],"collection":[{"href":"http:\/\/rurallascolonias.com.ar\/index.php?rest_route=\/wp\/v2\/posts"}],"about":[{"href":"http:\/\/rurallascolonias.com.ar\/index.php?rest_route=\/wp\/v2\/types\/post"}],"author":[{"embeddable":true,"href":"http:\/\/rurallascolonias.com.ar\/index.php?rest_route=\/wp\/v2\/users\/5"}],"replies":[{"embeddable":true,"href":"http:\/\/rurallascolonias.com.ar\/index.php?rest_route=%2Fwp%2Fv2%2Fcomments&post=8775"}],"version-history":[{"count":1,"href":"http:\/\/rurallascolonias.com.ar\/index.php?rest_route=\/wp\/v2\/posts\/8775\/revisions"}],"predecessor-version":[{"id":8777,"href":"http:\/\/rurallascolonias.com.ar\/index.php?rest_route=\/wp\/v2\/posts\/8775\/revisions\/8777"}],"wp:attachment":[{"href":"http:\/\/rurallascolonias.com.ar\/index.php?rest_route=%2Fwp%2Fv2%2Fmedia&parent=8775"}],"wp:term":[{"taxonomy":"category","embeddable":true,"href":"http:\/\/rurallascolonias.com.ar\/index.php?rest_route=%2Fwp%2Fv2%2Fcategories&post=8775"},{"taxonomy":"post_tag","embeddable":true,"href":"http:\/\/rurallascolonias.com.ar\/index.php?rest_route=%2Fwp%2Fv2%2Ftags&post=8775"}],"curies":[{"name":"wp","href":"https:\/\/api.w.org\/{rel}","templated":true}]}}