{"id":8766,"date":"2015-11-13T17:29:22","date_gmt":"2015-11-13T17:29:22","guid":{"rendered":"http:\/\/rurallascolonias.com.ar\/?p=8766"},"modified":"2015-11-13T17:29:22","modified_gmt":"2015-11-13T17:29:22","slug":"la-semana-que-viene-ingresara-un-nuevo-frente-frio-al-centro-del-pais","status":"publish","type":"post","link":"http:\/\/rurallascolonias.com.ar\/?p=8766","title":{"rendered":"La semana que viene ingresar\u00e1 un nuevo frente fr\u00edo al centro del pa\u00eds"},"content":{"rendered":"<p><strong><em><a href=\"http:\/\/rurallascolonias.com.ar\/wp-content\/uploads\/2015\/11\/frente-fr\u00edo.jpg\"><img loading=\"lazy\" class=\"aligncenter size-full wp-image-8767\" src=\"http:\/\/rurallascolonias.com.ar\/wp-content\/uploads\/2015\/11\/frente-fr\u00edo.jpg\" alt=\"frente fr\u00edo\" width=\"337\" height=\"149\" srcset=\"http:\/\/rurallascolonias.com.ar\/wp-content\/uploads\/2015\/11\/frente-fr\u00edo.jpg 337w, http:\/\/rurallascolonias.com.ar\/wp-content\/uploads\/2015\/11\/frente-fr\u00edo-300x133.jpg 300w\" sizes=\"(max-width: 337px) 100vw, 337px\" \/><\/a>Durante los pr\u00f3ximos d\u00edas seguir\u00e1 manteni\u00e9ndose el tiempo inestable en la mayor parte de las regiones productivas argentinas<\/em><\/strong><!--more--><\/p>\n<p>Hoy viernes el sistema de mal tiempo continuar\u00e1 afectando el este pampeano y el extremo norte del pa\u00eds con algunas lluvias aisladas y descenso de las temperaturas. En la regi\u00f3n de Cuyo se prev\u00e9 tiempo soleado con descenso de las temperaturas m\u00ednimas y ascenso de las m\u00e1ximas. As\u00ed lo indic\u00f3 un informe del Instituto de Clima y Agua INTA Castelar.<\/p>\n<p>Ma\u00f1ana s\u00e1bado sobre el NEA y NOA se espera tiempo parcialmente nublado a nublado con ascenso de las temperaturas. Podr\u00eda haber tiempo inestable con algunas lluvias y tormentas dispersas sobre Formosa, Jujuy y parte de Salta.<\/p>\n<p>En la zona central del territorio nacional se proyecta tiempo con buena radiaci\u00f3n y ascenso de las temperaturas, mientras que el norte patag\u00f3nico habr\u00eda descenso de las temperaturas m\u00ednimas con poca nubosidad.<\/p>\n<p>El domingo en el norte argentino continuar\u00eda la nubosidad variable con lluvias y algunas tormentas dispersas, leve ascenso de las temperaturas y ambiente h\u00famedo.<\/p>\n<p>En Cuyo y la regi\u00f3n pampeana se prev\u00e9 cielo algo a parcialmente nublado con progresivo ascenso de las temperaturas. Sobre La Pampa y el sudoeste de Buenos Aires se espera tiempo inestable con algunas lluvias y chaparrones aislados y temperaturas en ascenso.<\/p>\n<p>El lunes Sobre el NEA y NOA continuar\u00eda el tiempo lluvioso con tormentas que podr\u00edan llegar a ser intensas sobre el este de Chaco, norte de Corrientes y Misiones. En el extremo norte del pa\u00eds se prev\u00e9 mejoramientos temporarios con temperaturas elevadas.<\/p>\n<p>En la zona central del territorio nacional se espera aumento de la nubosidad con vientos moderados del noreste y ascenso de las temperaturas m\u00ednimas. Se prev\u00e9 tiempo inestable con posibles lluvias y tormentas sobre Cuyo, La Pampa y el sur de Buenos Aires.<\/p>\n<p>Durante el martes de la semana que viene se prev\u00e9 un mejoramiento de las condiciones del tiempo sobre el norte argentino con ascenso de las temperaturas. Aunque para el mi\u00e9rcoles se esperan algunas lluvias sobre el NEA con tiempo inestable en el NOA.<\/p>\n<p>En la zona central del pa\u00eds se prev\u00e9 el pasaje de un frente fr\u00edo con precipitaciones durante el martes y mi\u00e9rcoles con posterior descenso de las temperaturas y vientos del sur.<\/p>\n","protected":false},"excerpt":{"rendered":"<p>Durante los pr\u00f3ximos d\u00edas seguir\u00e1 manteni\u00e9ndose el tiempo inestable en la mayor parte de las regiones productivas argentinas<\/p>\n","protected":false},"author":5,"featured_media":0,"comment_status":"open","ping_status":"open","sticky":false,"template":"","format":"standard","meta":[],"categories":[40],"tags":[2423],"_links":{"self":[{"href":"http:\/\/rurallascolonias.com.ar\/index.php?rest_route=\/wp\/v2\/posts\/8766"}],"collection":[{"href":"http:\/\/rurallascolonias.com.ar\/index.php?rest_route=\/wp\/v2\/posts"}],"about":[{"href":"http:\/\/rurallascolonias.com.ar\/index.php?rest_route=\/wp\/v2\/types\/post"}],"author":[{"embeddable":true,"href":"http:\/\/rurallascolonias.com.ar\/index.php?rest_route=\/wp\/v2\/users\/5"}],"replies":[{"embeddable":true,"href":"http:\/\/rurallascolonias.com.ar\/index.php?rest_route=%2Fwp%2Fv2%2Fcomments&post=8766"}],"version-history":[{"count":1,"href":"http:\/\/rurallascolonias.com.ar\/index.php?rest_route=\/wp\/v2\/posts\/8766\/revisions"}],"predecessor-version":[{"id":8768,"href":"http:\/\/rurallascolonias.com.ar\/index.php?rest_route=\/wp\/v2\/posts\/8766\/revisions\/8768"}],"wp:attachment":[{"href":"http:\/\/rurallascolonias.com.ar\/index.php?rest_route=%2Fwp%2Fv2%2Fmedia&parent=8766"}],"wp:term":[{"taxonomy":"category","embeddable":true,"href":"http:\/\/rurallascolonias.com.ar\/index.php?rest_route=%2Fwp%2Fv2%2Fcategories&post=8766"},{"taxonomy":"post_tag","embeddable":true,"href":"http:\/\/rurallascolonias.com.ar\/index.php?rest_route=%2Fwp%2Fv2%2Ftags&post=8766"}],"curies":[{"name":"wp","href":"https:\/\/api.w.org\/{rel}","templated":true}]}}