{"id":8745,"date":"2015-11-12T14:45:24","date_gmt":"2015-11-12T14:45:24","guid":{"rendered":"http:\/\/rurallascolonias.com.ar\/?p=8745"},"modified":"2015-11-12T15:55:18","modified_gmt":"2015-11-12T15:55:18","slug":"alecol-completo-la-ampliacion-y-modernizacion-de-su-laboratorio-de-analisis-en-esperanza","status":"publish","type":"post","link":"http:\/\/rurallascolonias.com.ar\/?p=8745","title":{"rendered":"ALECOL complet\u00f3 la ampliaci\u00f3n y modernizaci\u00f3n de su laboratorio de an\u00e1lisis en Esperanza"},"content":{"rendered":"<p><em><strong><\/strong><\/em><\/p>\n<h2><a href=\"http:\/\/rurallascolonias.com.ar\/wp-content\/uploads\/2015\/11\/20151111_122034.jpg\"><img loading=\"lazy\" class=\"aligncenter wp-image-8749 size-medium\" src=\"http:\/\/rurallascolonias.com.ar\/wp-content\/uploads\/2015\/11\/20151111_122034-300x180.jpg\" alt=\"20151111_122034\" width=\"300\" height=\"180\" srcset=\"http:\/\/rurallascolonias.com.ar\/wp-content\/uploads\/2015\/11\/20151111_122034-300x180.jpg 300w, http:\/\/rurallascolonias.com.ar\/wp-content\/uploads\/2015\/11\/20151111_122034-1024x614.jpg 1024w, http:\/\/rurallascolonias.com.ar\/wp-content\/uploads\/2015\/11\/20151111_122034-600x360.jpg 600w, http:\/\/rurallascolonias.com.ar\/wp-content\/uploads\/2015\/11\/20151111_122034-624x374.jpg 624w\" sizes=\"(max-width: 300px) 100vw, 300px\" \/><\/a>\u201cEste proyecto es producto de una instituci\u00f3n que ha sido consecuente en el tiempo, que se ha fijado metas claras y ha trabajado con transparencia\u201d, destac\u00f3 Bonfatti. La entidad realiza tareas de control lechero desde 1993<\/h2>\n<p><!--more--><\/p>\n<div>El gobernador Antonio Bonfatti particip\u00f3 hoy en Esperanza de la inauguraci\u00f3n de las nuevas instalaciones del Laboratorio Regional de Servicios Anal\u00edticos de la Asociaci\u00f3n del Litoral de Entidades de Control Lechero (Alecol), en Esperanza.<\/div>\n<div>\u201cEste proyecto es producto de una instituci\u00f3n que ha sido consecuente en el tiempo, que se ha fijado metas claras y ha trabajado con transparencia\u201d, destac\u00f3 el gobernador en relaci\u00f3n a las reformas edilicias de ampliaci\u00f3n y modernizaci\u00f3n del laboratorio, para las cuales la provincia aport\u00f3 3.000.000 pesos<\/div>\n<div><a href=\"http:\/\/rurallascolonias.com.ar\/wp-content\/uploads\/2015\/11\/20151111_121929.jpg\"><img loading=\"lazy\" class=\"aligncenter wp-image-8738 size-medium\" src=\"http:\/\/rurallascolonias.com.ar\/wp-content\/uploads\/2015\/11\/20151111_121929-300x180.jpg\" alt=\"20151111_121929\" width=\"300\" height=\"180\" srcset=\"http:\/\/rurallascolonias.com.ar\/wp-content\/uploads\/2015\/11\/20151111_121929-300x180.jpg 300w, http:\/\/rurallascolonias.com.ar\/wp-content\/uploads\/2015\/11\/20151111_121929-1024x614.jpg 1024w, http:\/\/rurallascolonias.com.ar\/wp-content\/uploads\/2015\/11\/20151111_121929-600x360.jpg 600w, http:\/\/rurallascolonias.com.ar\/wp-content\/uploads\/2015\/11\/20151111_121929-624x374.jpg 624w\" sizes=\"(max-width: 300px) 100vw, 300px\" \/><\/a><\/div>\n<div>Alecol es una asociaci\u00f3n civil sin fines de lucro que agrupa a entidades de la regi\u00f3n habilitadas para prestar el servicio de control lechero oficial.<\/div>\n<div>\u201cLa actividad lechera en su integralidad cumple un rol fundamental en la provincia de Santa Fe, no solamente desde el punto de vista productivo sino tambi\u00e9n social. Producimos el 30 por ciento de la leche argentina y el 50 por ciento de las exportaciones l\u00e1cteas salen de Santa Fe. El 45 por ciento de la producci\u00f3n que luego se industrializa va al sector cooperativo, el 23 por ciento al sector privado y un 5 por ciento a la distribuci\u00f3n minorista\u201d, detall\u00f3 Bonfatti.<\/div>\n<div>En ese marco, remarc\u00f3 algunas de las pol\u00edticas dirigidas al sector que la provincia viene desarrollando: \u201cHemos trabajado y mucho con toda la cadena del sector l\u00e1cteo y somos la \u00fanica provincia argentina que tiene el orgullo de decir que aqu\u00ed se paga por materia grasa, que establecimos que industrias y \u00a0tamberos deben acordar precios y si una de las partes lo requiere, debe ser por escrito; y adem\u00e1s, el precio de la leche se publica en la p\u00e1gina web del Ministerio de la Producci\u00f3n de la provincia\u201d.<\/div>\n<div>\u201cHemos contribuido -continu\u00f3 el gobernador-, en la medida de nuestras posibilidades, con tasas subsidiadas por el Estado, ya sea del Consejo Federal de Inversiones (CFI) o de instituciones bancarias, y en estos \u00faltimos cuatro a\u00f1os se otorgaron cr\u00e9ditos por unos 150 millones de pesos\u201d.<\/div>\n<div>Finalmente, Bonfatti record\u00f3 la misi\u00f3n Nueva Zelandia, \u201cque nos permiti\u00f3 ver que que podemos duplicar la producci\u00f3n l\u00e1ctea con la participaci\u00f3n de todos los actores de la cadena, desde la semilla y la Universidad, el INTA, el INTI, las bolsas de comercio, los tamberos. Lamentablemente -dijo-, la realidad de la macroeconom\u00eda y aquel recordado cierre de las exportaciones de leche, impidi\u00f3 el acuerdo que ya ten\u00edamos cerrado despu\u00e9s de cinco a\u00f1os de trabajo con Nueva Zelandia. No obstante, continuamos trabajando con el Instituto Argentino-Neozeland\u00e9s y ese camino sigue abierto, por lo que tenemos que seguir articulando acciones entre el sector p\u00fablico y privado para aprovechar las oportunidades que surjan y que hagan crecer a Santa Fe\u201d, finaliz\u00f3.<\/div>\n<div>El acto tuvo lugar en la sede de la instituci\u00f3n, Rivadavia 1350 y estuvieron presentes el director nacional de Implementaci\u00f3n Estrat\u00e9gica Sectorial de Subsecretar\u00eda de Lecher\u00eda, Rub\u00e9n Brechbuhl; la presidenta del Concejo Municipal a cargo del Ejecutivo, Gabriela Formica; el vicepresidente de la Asociaci\u00f3n Criadores de Holando Argentino (Acha), Edgard Von Soubiron; el presidente de Alecol, Carlos Chiavazza; entre otras autoridades municipales, provinciales, nacionales y de entidades intermedias.<\/div>\n<div>\u201cUN PROYECTO P\u00daBLICO PRIVADO\u201d<\/div>\n<div>A su turno, Chiavazza agradeci\u00f3 la presencia del gobernador y remarc\u00f3 que \u201ceste proyecto es una articulaci\u00f3n p\u00fablico privado, que cont\u00f3 con el puntapi\u00e9 inicial de la Municipalidad de Esperanza y el gobierno de la provincia. El primer aporte fue un equipo en comodato que nos facilit\u00f3 el Senasa a cambio de informaci\u00f3n; luego presentamos el proyecto al por entonces ministro de la Producci\u00f3n Juan Bertero durante la gesti\u00f3n del Dr. Hermes Binner y tuvimos la primera respuesta; y hace dos a\u00f1os recibimos este \u00faltimo gran aporte para concretar lo que hoy ven\u201d.<\/div>\n<div>\u201cEso nos dio un gran empuje pero tambi\u00e9n una gran responsabilidad de poder cumplir con las metas claras que nos hab\u00edamos propuesto\u201d, finaliz\u00f3 el presidente de Alecol.<\/div>\n<div>Por \u00faltimo, Von Soubiron manifest\u00f3 su alegr\u00eda por la inauguraci\u00f3n y destac\u00f3 \u201cel empe\u00f1o que ponen cada d\u00eda todas las personas que trabajan en este proyecto\u201d.<\/div>\n<div>HISTORIA<\/div>\n<div>Con el objetivo de controlar la producci\u00f3n lechera y mejorar la calidad de su ganado, desde principio del siglo XX, los productores lecheros de la Argentina fueron formando los primeros centros de control lechero, bajo la fiscalizaci\u00f3n de la Secretar\u00eda de Agricultura y Ganader\u00eda de la Naci\u00f3n.<\/div>\n<div>En 1982 el gobierno nacional deleg\u00f3 la fiscalizaci\u00f3n y certificaci\u00f3n de la producci\u00f3n del ganado lechero a la Asociaci\u00f3n Criadores de Holando Argentino (Acha). Esta instituci\u00f3n, comenz\u00f3 en 1992 un proceso de descentralizaci\u00f3n operativa que desembocar\u00eda en el agrupamiento regional de entidades habilitadas para brindar el servicio de control lechero oficial.<\/div>\n<div>De esta manera nace Alecol en 1993, con sede en la ciudad de Esperanza, \u00e1rea de influencia de la cuenca lechera central de la Rep\u00fablica Argentina.<\/div>\n<div><\/div>\n<p class=\"p1 margin-top\"><strong>Fuente: Nuestro Agro<\/strong><\/p>\n","protected":false},"excerpt":{"rendered":"<p>\u201cEste proyecto es producto de una instituci\u00f3n que ha sido consecuente en el tiempo, que se ha fijado metas claras y ha trabajado con transparencia\u201d, destac\u00f3 Bonfatti. La entidad realiza tareas de control lechero desde 1993<\/p>\n","protected":false},"author":5,"featured_media":0,"comment_status":"open","ping_status":"open","sticky":false,"template":"","format":"standard","meta":[],"categories":[14],"tags":[2419,334,2420],"_links":{"self":[{"href":"http:\/\/rurallascolonias.com.ar\/index.php?rest_route=\/wp\/v2\/posts\/8745"}],"collection":[{"href":"http:\/\/rurallascolonias.com.ar\/index.php?rest_route=\/wp\/v2\/posts"}],"about":[{"href":"http:\/\/rurallascolonias.com.ar\/index.php?rest_route=\/wp\/v2\/types\/post"}],"author":[{"embeddable":true,"href":"http:\/\/rurallascolonias.com.ar\/index.php?rest_route=\/wp\/v2\/users\/5"}],"replies":[{"embeddable":true,"href":"http:\/\/rurallascolonias.com.ar\/index.php?rest_route=%2Fwp%2Fv2%2Fcomments&post=8745"}],"version-history":[{"count":1,"href":"http:\/\/rurallascolonias.com.ar\/index.php?rest_route=\/wp\/v2\/posts\/8745\/revisions"}],"predecessor-version":[{"id":8750,"href":"http:\/\/rurallascolonias.com.ar\/index.php?rest_route=\/wp\/v2\/posts\/8745\/revisions\/8750"}],"wp:attachment":[{"href":"http:\/\/rurallascolonias.com.ar\/index.php?rest_route=%2Fwp%2Fv2%2Fmedia&parent=8745"}],"wp:term":[{"taxonomy":"category","embeddable":true,"href":"http:\/\/rurallascolonias.com.ar\/index.php?rest_route=%2Fwp%2Fv2%2Fcategories&post=8745"},{"taxonomy":"post_tag","embeddable":true,"href":"http:\/\/rurallascolonias.com.ar\/index.php?rest_route=%2Fwp%2Fv2%2Ftags&post=8745"}],"curies":[{"name":"wp","href":"https:\/\/api.w.org\/{rel}","templated":true}]}}