{"id":8742,"date":"2015-11-12T15:44:47","date_gmt":"2015-11-12T15:44:47","guid":{"rendered":"http:\/\/rurallascolonias.com.ar\/?p=8742"},"modified":"2015-11-12T15:44:47","modified_gmt":"2015-11-12T15:44:47","slug":"dardo-chiesa-se-convirtio-en-el-nuevo-presidente-de-confederaciones-rurales-argentinas","status":"publish","type":"post","link":"http:\/\/rurallascolonias.com.ar\/?p=8742","title":{"rendered":"Dardo Chiesa se convirti\u00f3 en el nuevo presidente de Confederaciones Rurales Argentinas"},"content":{"rendered":"<p><strong><em><\/em><\/strong><\/p>\n<h2><a href=\"http:\/\/rurallascolonias.com.ar\/wp-content\/uploads\/2015\/11\/CHIESA.jpg\"><img loading=\"lazy\" class=\"alignleft wp-image-8743 size-medium\" src=\"http:\/\/rurallascolonias.com.ar\/wp-content\/uploads\/2015\/11\/CHIESA-300x215.jpg\" alt=\"CHIESA\" width=\"300\" height=\"215\" srcset=\"http:\/\/rurallascolonias.com.ar\/wp-content\/uploads\/2015\/11\/CHIESA-300x215.jpg 300w, http:\/\/rurallascolonias.com.ar\/wp-content\/uploads\/2015\/11\/CHIESA-600x430.jpg 600w, http:\/\/rurallascolonias.com.ar\/wp-content\/uploads\/2015\/11\/CHIESA.jpg 608w\" sizes=\"(max-width: 300px) 100vw, 300px\" \/><\/a>Ser\u00e1 en reemplazo del rafaelino Rub\u00e9n Ferrero, que deja su cargo tras dos per\u00edodos. Chiesa, de extensa trayectoria gremial, fue presidente de CARBAP y el IPCVA, donde en los \u00faltimos meses se desempe\u00f1\u00f3 como Consejero<\/h2>\n<p><!--more--><\/p>\n<p>El ex titular de CARBAP y del IPCVA, Dardo Chiesa, es el nuevo presidente de Confederaciones Rurales Argentinas (CRA), en reemplazo del rafaelino Rub\u00e9n Ferrero. As\u00ed lo resolvieron por consenso las 13 confederaciones que integran la entidad durante la Asamblea Anual Ordinaria.<\/p>\n<p>La elecci\u00f3n de Chiesa pone fin a la disputa por el cargo que en los \u00faltimos meses mantuvieron CARBAP (que representa a productores de Buenos Aires y La Pampa), FARER (Entre R\u00edos) y CARTEZ (C\u00f3rdoba y San Lu\u00eds).<\/p>\n<p>Dardo Chiesa fue presidente de CARBAP desde 1998 hasta 2002. Tambi\u00e9n fue Coordinador de Carnes de CRA entre 2003 y 2007. En ese a\u00f1o fue elegido presidente del IPCVA, cargo que retuvo hasta 2011. Desde entonces es Consejero del Instituto.<\/p>\n<p><strong>Fuente: Nuestro Agro<\/strong><\/p>\n","protected":false},"excerpt":{"rendered":"<p>Ser\u00e1 en reemplazo del rafaelino Rub\u00e9n Ferrero, que deja su cargo tras dos per\u00edodos. Chiesa, de extensa trayectoria gremial, fue presidente de CARBAP y el IPCVA, donde en los \u00faltimos meses se desempe\u00f1\u00f3 como Consejero<\/p>\n","protected":false},"author":5,"featured_media":0,"comment_status":"open","ping_status":"open","sticky":false,"template":"","format":"standard","meta":[],"categories":[42],"tags":[2355,2418],"_links":{"self":[{"href":"http:\/\/rurallascolonias.com.ar\/index.php?rest_route=\/wp\/v2\/posts\/8742"}],"collection":[{"href":"http:\/\/rurallascolonias.com.ar\/index.php?rest_route=\/wp\/v2\/posts"}],"about":[{"href":"http:\/\/rurallascolonias.com.ar\/index.php?rest_route=\/wp\/v2\/types\/post"}],"author":[{"embeddable":true,"href":"http:\/\/rurallascolonias.com.ar\/index.php?rest_route=\/wp\/v2\/users\/5"}],"replies":[{"embeddable":true,"href":"http:\/\/rurallascolonias.com.ar\/index.php?rest_route=%2Fwp%2Fv2%2Fcomments&post=8742"}],"version-history":[{"count":1,"href":"http:\/\/rurallascolonias.com.ar\/index.php?rest_route=\/wp\/v2\/posts\/8742\/revisions"}],"predecessor-version":[{"id":8744,"href":"http:\/\/rurallascolonias.com.ar\/index.php?rest_route=\/wp\/v2\/posts\/8742\/revisions\/8744"}],"wp:attachment":[{"href":"http:\/\/rurallascolonias.com.ar\/index.php?rest_route=%2Fwp%2Fv2%2Fmedia&parent=8742"}],"wp:term":[{"taxonomy":"category","embeddable":true,"href":"http:\/\/rurallascolonias.com.ar\/index.php?rest_route=%2Fwp%2Fv2%2Fcategories&post=8742"},{"taxonomy":"post_tag","embeddable":true,"href":"http:\/\/rurallascolonias.com.ar\/index.php?rest_route=%2Fwp%2Fv2%2Ftags&post=8742"}],"curies":[{"name":"wp","href":"https:\/\/api.w.org\/{rel}","templated":true}]}}