{"id":8682,"date":"2015-11-09T16:22:34","date_gmt":"2015-11-09T16:22:34","guid":{"rendered":"http:\/\/rurallascolonias.com.ar\/?p=8682"},"modified":"2015-11-09T16:22:34","modified_gmt":"2015-11-09T16:22:34","slug":"por-posible-cambio-de-clima-politico-esperan-mejores-precios-para-la-soja","status":"publish","type":"post","link":"http:\/\/rurallascolonias.com.ar\/?p=8682","title":{"rendered":"Por posible cambio de clima pol\u00edtico esperan mejores precios para la soja"},"content":{"rendered":"<p><strong><em><a href=\"http:\/\/rurallascolonias.com.ar\/wp-content\/uploads\/2015\/11\/precio-de-la-soja.jpg\"><img loading=\"lazy\" class=\"aligncenter size-full wp-image-8683\" src=\"http:\/\/rurallascolonias.com.ar\/wp-content\/uploads\/2015\/11\/precio-de-la-soja.jpg\" alt=\"precio de la soja\" width=\"337\" height=\"149\" srcset=\"http:\/\/rurallascolonias.com.ar\/wp-content\/uploads\/2015\/11\/precio-de-la-soja.jpg 337w, http:\/\/rurallascolonias.com.ar\/wp-content\/uploads\/2015\/11\/precio-de-la-soja-300x133.jpg 300w\" sizes=\"(max-width: 337px) 100vw, 337px\" \/><\/a>El aumento es motivado principalmente por las expectativas positivas de una eventual modificaci\u00f3n en la pol\u00edtica agropecuaria tras las elecciones presidenciales<\/em><\/strong><!--more--><\/p>\n<p>Los precios a futuro de la soja vienen registrando un aumento por la mejora de <a href=\"http:\/\/www.fyo.com\/noticia\/153302\/anticipan-nuevo-escenario-politico-agro-argentino\" target=\"_blank\">expectativas de los productores<\/a> en cuanto a un crecimiento de la rentabilidad del sector el a\u00f1o pr\u00f3ximo. El\u00a0<a href=\"http:\/\/www.fyo.com\/noticia\/153454\/margen-bruto-soja-sube-16-medido-us-hectarea\" target=\"_blank\">margen bruto de la soja<\/a> sube 16% medido en d\u00f3lares por hect\u00e1rea para un productor en campo propio a 180 km de las terminales portuarias de Rosario.<\/p>\n<p>Los especialistas de la Bolsa de Comercio de Rosario (BCR) Julio Calzada, jefe del Departamento Econ\u00f3mico, y Sof\u00eda Corina, integrante de la Gu\u00eda Estrat\u00e9gica para el Agro, indicaron que en entre el 28 de setiembre y el 28 de octubre el precio local a cosecha de la soja aument\u00f3 6%. La cifra es resultado de una medici\u00f3n por el ajuste operado en Rofex en los futuros con vencimiento mayo 2016 y el precio de un valor de u$s 211,90 la tonelada a u$s 225,50.<\/p>\n<p>POSIBLE CAMBIO EN LA POL\u00cdTICA AGROPECUARIA<\/p>\n<p>\u00abSe trata de un incremento motivado principalmente por las expectativas positivas de un posible cambio en la pol\u00edtica agropecuaria ante las elecciones presidenciales del 25 de octubre y el balotaje del 22 de noviembre\u00bb, se\u00f1alaron los especialistas. Para ambos, \u00abeste cambio en el precio futuro de la soja generar\u00eda, en t\u00e9rminos t\u00e9cnicos, un interesante aumento de 16% en los m\u00e1rgenes brutos medidos en d\u00f3lares por hect\u00e1rea para aquellos productores con campo propio ubicados en la zona n\u00facleo de producci\u00f3n a 180 km. de las terminales portuarias del Gran Rosario\u00bb. Seg\u00fan sus estimaciones, el aumento podr\u00eda implicar pasar en soja de un margen brutode u$s 280 por hect\u00e1rea a u$s 324.<\/p>\n<p>Esto ocurrir\u00eda en la medida en que se registre efectivamente el precio de u$s 225,50 la tonelada para la soja en mayo de 2016 o se efect\u00fae la correspondiente cobertura del riego precio en Rofex. \u00abCreemos que este escenario de mejora en la rentabilidad del productor es fundamental para incentivar la siembra de soja y generar un caudal adicional de divisas que tanto necesitar\u00e1n las futuras autoridades gubernamentales\u00bb, expresaron los analistas.<\/p>\n<p>Entre los supuestos y criterios utilizados para que el margen bruto de un productor en campo propio que siembre soja 2015-2016 suba se encuentran en que utilizar\u00eda un paquete tecnol\u00f3gico t\u00edpico de la zona n\u00facleo con muy buena semilla.<\/p>\n<p>Fuente: El Cronista Comercial<\/p>\n","protected":false},"excerpt":{"rendered":"<p>El aumento es motivado principalmente por las expectativas positivas de una eventual modificaci\u00f3n en la pol\u00edtica agropecuaria tras las elecciones presidenciales<\/p>\n","protected":false},"author":5,"featured_media":0,"comment_status":"open","ping_status":"open","sticky":false,"template":"","format":"standard","meta":[],"categories":[18],"tags":[575],"_links":{"self":[{"href":"http:\/\/rurallascolonias.com.ar\/index.php?rest_route=\/wp\/v2\/posts\/8682"}],"collection":[{"href":"http:\/\/rurallascolonias.com.ar\/index.php?rest_route=\/wp\/v2\/posts"}],"about":[{"href":"http:\/\/rurallascolonias.com.ar\/index.php?rest_route=\/wp\/v2\/types\/post"}],"author":[{"embeddable":true,"href":"http:\/\/rurallascolonias.com.ar\/index.php?rest_route=\/wp\/v2\/users\/5"}],"replies":[{"embeddable":true,"href":"http:\/\/rurallascolonias.com.ar\/index.php?rest_route=%2Fwp%2Fv2%2Fcomments&post=8682"}],"version-history":[{"count":1,"href":"http:\/\/rurallascolonias.com.ar\/index.php?rest_route=\/wp\/v2\/posts\/8682\/revisions"}],"predecessor-version":[{"id":8684,"href":"http:\/\/rurallascolonias.com.ar\/index.php?rest_route=\/wp\/v2\/posts\/8682\/revisions\/8684"}],"wp:attachment":[{"href":"http:\/\/rurallascolonias.com.ar\/index.php?rest_route=%2Fwp%2Fv2%2Fmedia&parent=8682"}],"wp:term":[{"taxonomy":"category","embeddable":true,"href":"http:\/\/rurallascolonias.com.ar\/index.php?rest_route=%2Fwp%2Fv2%2Fcategories&post=8682"},{"taxonomy":"post_tag","embeddable":true,"href":"http:\/\/rurallascolonias.com.ar\/index.php?rest_route=%2Fwp%2Fv2%2Ftags&post=8682"}],"curies":[{"name":"wp","href":"https:\/\/api.w.org\/{rel}","templated":true}]}}