{"id":866,"date":"2014-01-10T17:44:05","date_gmt":"2014-01-10T17:44:05","guid":{"rendered":"http:\/\/rurallascolonias.com.ar\/?p=866"},"modified":"2014-01-10T17:44:05","modified_gmt":"2014-01-10T17:44:05","slug":"la-falta-de-agua-afecta-al-maiz-de-primera-en-la-region-nucleo","status":"publish","type":"post","link":"http:\/\/rurallascolonias.com.ar\/?p=866","title":{"rendered":"LA FALTA DE AGUA AFECTA AL MA\u00cdZ DE PRIMERA EN LA REGI\u00d3N N\u00daCLEO"},"content":{"rendered":"<h2><a href=\"http:\/\/rurallascolonias.com.ar\/wp-content\/uploads\/2014\/01\/ma\u00edz-de-primera.jpg\"><img loading=\"lazy\" class=\"aligncenter size-full wp-image-867\" alt=\"ma\u00edz de primera\" src=\"http:\/\/rurallascolonias.com.ar\/wp-content\/uploads\/2014\/01\/ma\u00edz-de-primera.jpg\" width=\"337\" height=\"149\" srcset=\"http:\/\/rurallascolonias.com.ar\/wp-content\/uploads\/2014\/01\/ma\u00edz-de-primera.jpg 337w, http:\/\/rurallascolonias.com.ar\/wp-content\/uploads\/2014\/01\/ma\u00edz-de-primera-300x132.jpg 300w\" sizes=\"(max-width: 337px) 100vw, 337px\" \/><\/a>Pese a los 20 a 90 mm ca\u00eddos a comienzos de a\u00f1o, las necesidades de agua siguen siendo muy significativas, seg\u00fan un informe de la BCR. \u00bfQu\u00e9 pasa con los dem\u00e1s cultivos?<!--more--><\/h2>\n<p>La Bolsa de Comercio de Rosario (BCR), a trav\u00e9s de la Gu\u00eda Estrat\u00e9gica para el Agro (AGRO) indic\u00f3 que entre el jueves 2 y el mi\u00e9rcoles 8 de enero se desarrollaron lluvias generalizadas en toda la regi\u00f3n n\u00facleo, que no llegaron a tiempo a para revertir la situaci\u00f3n de estr\u00e9s t\u00e9rmico que sufri\u00f3 el ma\u00edz de primera en pleno periodo de definici\u00f3n de rendimiento. Los s\u00edntomas que se observan son p\u00e9rdidas de hojas basales, fallas en la polinizaci\u00f3n y aborto de granos. Las expectativas de rinde se mantienen dentro de rangos normales en el centro de Santa Fe y en el este de C\u00f3rdoba donde estiman alcanzar entre 80 y 100 qq\/ha. La contracara es el norte de Buenos Aires. All\u00ed, las reservas h\u00eddricas permanecieron bajas en este \u00faltimo per\u00edodo y prev\u00e9n lograr entre 60 y 80 qq\/ha.<\/p>\n<p>Esta semana se culminaron las labores de siembra de ma\u00edces tard\u00edos. Destacamos que en el centro de Santa Fe entre 40 y 50% de la superficie total de ma\u00edz se sembr\u00f3 de esa forma. Esto fue sumamente favorable para sortear el estr\u00e9s t\u00e9rmico debido a que el cultivo se encuentra reci\u00e9n desplegando su sexta hoja.<\/p>\n<p><b>Soja<\/b><\/p>\n<p>El cultivo de soja de primera se encuentra en buen estado, cursando la etapa de floraci\u00f3n y una menor proporci\u00f3n est\u00e1 comenzando a formar vainas. A diferencia del cereal de primera siembra, los mecanismos propios de compensaci\u00f3n de la oleaginosa impidieron que sea notablemente afectada por la pasada ola de calor. La afectaci\u00f3n se nota en el acortamiento de los entrenudos con la consecuencia directa de una baja altura de plantas. Los cuadros de soja de segunda a\u00fan no logran cerrar el entresurco. Pese a que las temperaturas extremas afectaron su crecimiento, la situaci\u00f3n se revirti\u00f3 gradualmente con las \u00faltimas lluvias. En el norte de Buenos Aires, como resultado de la sequ\u00eda acontecida, comenzaron a aparecer en varios lotes plagas como trips y ara\u00f1uelas.<\/p>\n<p>El denominador com\u00fan de toda el \u00e1rea GEA es la dificultad en el control de malezas tolerantes o resistentes a herbicidas como las gram\u00edneas del g\u00e9nero Chloris, Eleusine, cap\u00edn y otros tipos como rama negra y yuyo colorado.<\/p>\n<p><strong>Fuente: Nuestro Agro<\/strong><\/p>\n","protected":false},"excerpt":{"rendered":"<p>Pese a los 20 a 90 mm ca\u00eddos a comienzos de a\u00f1o, las necesidades de agua siguen siendo muy significativas, seg\u00fan un informe de la BCR. \u00bfQu\u00e9 pasa con los dem\u00e1s cultivos?<\/p>\n","protected":false},"author":5,"featured_media":0,"comment_status":"closed","ping_status":"closed","sticky":false,"template":"","format":"standard","meta":[],"categories":[18],"tags":[354,355,356],"_links":{"self":[{"href":"http:\/\/rurallascolonias.com.ar\/index.php?rest_route=\/wp\/v2\/posts\/866"}],"collection":[{"href":"http:\/\/rurallascolonias.com.ar\/index.php?rest_route=\/wp\/v2\/posts"}],"about":[{"href":"http:\/\/rurallascolonias.com.ar\/index.php?rest_route=\/wp\/v2\/types\/post"}],"author":[{"embeddable":true,"href":"http:\/\/rurallascolonias.com.ar\/index.php?rest_route=\/wp\/v2\/users\/5"}],"replies":[{"embeddable":true,"href":"http:\/\/rurallascolonias.com.ar\/index.php?rest_route=%2Fwp%2Fv2%2Fcomments&post=866"}],"version-history":[{"count":1,"href":"http:\/\/rurallascolonias.com.ar\/index.php?rest_route=\/wp\/v2\/posts\/866\/revisions"}],"predecessor-version":[{"id":868,"href":"http:\/\/rurallascolonias.com.ar\/index.php?rest_route=\/wp\/v2\/posts\/866\/revisions\/868"}],"wp:attachment":[{"href":"http:\/\/rurallascolonias.com.ar\/index.php?rest_route=%2Fwp%2Fv2%2Fmedia&parent=866"}],"wp:term":[{"taxonomy":"category","embeddable":true,"href":"http:\/\/rurallascolonias.com.ar\/index.php?rest_route=%2Fwp%2Fv2%2Fcategories&post=866"},{"taxonomy":"post_tag","embeddable":true,"href":"http:\/\/rurallascolonias.com.ar\/index.php?rest_route=%2Fwp%2Fv2%2Ftags&post=866"}],"curies":[{"name":"wp","href":"https:\/\/api.w.org\/{rel}","templated":true}]}}